{"id":303951,"date":"2025-07-29T21:03:10","date_gmt":"2025-07-29T21:03:10","guid":{"rendered":"https:\/\/www.europesays.com\/de\/303951\/"},"modified":"2025-07-29T21:03:10","modified_gmt":"2025-07-29T21:03:10","slug":"verdis-la-traviata-war-ein-voller-erfolg","status":"publish","type":"post","link":"https:\/\/www.europesays.com\/de\/303951\/","title":{"rendered":"Verdis &#8222;La Traviata&#8220; war ein voller Erfolg"},"content":{"rendered":"<p>Res\u00fcmee vom Rathausplatz<\/p>\n<p>Theater zieht Bilanz: Sommeroper \u201eLa Traviata\u201c voller Erfolg<\/p>\n<p>Anh\u00f6renApp \u00f6ffnen<\/p>\n<p class=\"Textstyled__Text-sc-1cqv9mi-0 cLyiiX ArticleHeadstyled__ArticleSubHeadline-sc-tdzyy5-11 fXdZot\">Das Theater Kiel hat zum Saisonende nach der \u201eCarmen\u201c von 2022 wieder eine Open-Air-Sommeroper auf dem Rathausplatz Kiel angeboten. In nur sieben Vorstellungen wurden viele begeisterte Fans mit Verdis Meisterwerk \u201eLa Traviata\u201c erreicht.<\/p>\n<p class=\"Textstyled__Text-sc-1cqv9mi-0 cLyiiX\">Kiel. Am Sonntag ging die letzte Vorstellung von der diesj\u00e4hrigen Sommeroper \u201eLa Traviata\u201c \u00fcber die B\u00fchne auf dem Kieler Rathausplatz. Man ziehe \u201egl\u00fccklich Res\u00fcmee\u201c, hei\u00dft es aus dem Theater Kiel. <\/p>\n<p>Weiterlesen nach der Anzeige<\/p>\n<p>Weiterlesen nach der Anzeige<\/p>\n<p class=\"Textstyled__Text-sc-1cqv9mi-0 cLyiiX\">\u00dcber 9500 Zuschauende z\u00e4hlte man an sieben nahezu ausverkauften Abenden auf dem Rathausplatz. Und 16.000 Besuchende sollen es parallel zur Premiere beim Public Viewing in Kiel und Neum\u00fcnster gewesen sein. Bei der \u201eCarmen\u201c 2022 waren es in zw\u00f6lf Vorstellungen 12.300 Zuschauer auf der Trib\u00fcne und etwa 18.000 bei den Video-\u00dcbertragungen gewesen.<\/p>\n<p>Gut 25.000 Sommeroper-Fans wurden 2025 mit dem \u201eTraviata\u201c-Angebot in Kiel erreicht<\/p>\n<p class=\"Textstyled__Text-sc-1cqv9mi-0 cLyiiX\">Der leichte R\u00fcckgang l\u00e4sst sich leicht mit einer Komplettabsage erkl\u00e4ren. Letztlich blieb es aber bei nur einem wetterbedingten Ausfall. Der kr\u00e4ftige Dauerregen mit Wind h\u00e4tte am 22. Juli eine sichere Durchf\u00fchrung auf der Open-Air-B\u00fchne kaum m\u00f6glich gemacht.<\/p>\n<p>Weiterlesen nach der Anzeige<\/p>\n<p>Weiterlesen nach der Anzeige<\/p>\n<p class=\"Textstyled__Text-sc-1cqv9mi-0 cLyiiX\">Etwa 90 Darstellerinnen und Darsteller, 70 Orchestermitglieder und ein viel gelobtes, internationales S\u00e4ngerensemble entfachten Interesse und gro\u00dfe Begeisterung beim Publikum. In einem \u201eMaking-of-Video\u201c, darauf verweist das Theater, sei der gro\u00dfe Aufwand nachvollziehbar dokumentiert. Inzwischen haben die Theaterferien begonnen. Und der R\u00fcckbau der Trib\u00fcnen ist in vollem Gange.<\/p>\n<p class=\"Editorialstyled__Editorial-sc-5u8rgl-0 cBUuy\">KN<\/p>\n","protected":false},"excerpt":{"rendered":"Res\u00fcmee vom Rathausplatz Theater zieht Bilanz: Sommeroper \u201eLa Traviata\u201c voller Erfolg Anh\u00f6renApp \u00f6ffnen Das Theater Kiel hat zum&hellip;\n","protected":false},"author":2,"featured_media":303952,"comment_status":"","ping_status":"","sticky":false,"template":"","format":"standard","meta":{"footnotes":""},"categories":[1852],"tags":[3364,29,548,663,3934,30,13,4949,14,15,12,1971],"class_list":{"0":"post-303951","1":"post","2":"type-post","3":"status-publish","4":"format-standard","5":"has-post-thumbnail","7":"category-kiel","8":"tag-de","9":"tag-deutschland","10":"tag-eu","11":"tag-europa","12":"tag-europe","13":"tag-germany","14":"tag-headlines","15":"tag-kiel","16":"tag-nachrichten","17":"tag-news","18":"tag-schlagzeilen","19":"tag-schleswig-holstein"},"share_on_mastodon":{"url":"https:\/\/pubeurope.com\/@de\/114938550941460749","error":""},"_links":{"self":[{"href":"https:\/\/www.europesays.com\/de\/wp-json\/wp\/v2\/posts\/303951","targetHints":{"allow":["GET"]}}],"collection":[{"href":"https:\/\/www.europesays.com\/de\/wp-json\/wp\/v2\/posts"}],"about":[{"href":"https:\/\/www.europesays.com\/de\/wp-json\/wp\/v2\/types\/post"}],"author":[{"embeddable":true,"href":"https:\/\/www.europesays.com\/de\/wp-json\/wp\/v2\/users\/2"}],"replies":[{"embeddable":true,"href":"https:\/\/www.europesays.com\/de\/wp-json\/wp\/v2\/comments?post=303951"}],"version-history":[{"count":0,"href":"https:\/\/www.europesays.com\/de\/wp-json\/wp\/v2\/posts\/303951\/revisions"}],"wp:featuredmedia":[{"embeddable":true,"href":"https:\/\/www.europesays.com\/de\/wp-json\/wp\/v2\/media\/303952"}],"wp:attachment":[{"href":"https:\/\/www.europesays.com\/de\/wp-json\/wp\/v2\/media?parent=303951"}],"wp:term":[{"taxonomy":"category","embeddable":true,"href":"https:\/\/www.europesays.com\/de\/wp-json\/wp\/v2\/categories?post=303951"},{"taxonomy":"post_tag","embeddable":true,"href":"https:\/\/www.europesays.com\/de\/wp-json\/wp\/v2\/tags?post=303951"}],"curies":[{"name":"wp","href":"https:\/\/api.w.org\/{rel}","templated":true}]}}