{"id":304282,"date":"2025-07-30T00:07:37","date_gmt":"2025-07-30T00:07:37","guid":{"rendered":"https:\/\/www.europesays.com\/de\/304282\/"},"modified":"2025-07-30T00:07:37","modified_gmt":"2025-07-30T00:07:37","slug":"suche-nach-dieben-polizeihubschrauber-ueber-castrop-rauxel","status":"publish","type":"post","link":"https:\/\/www.europesays.com\/de\/304282\/","title":{"rendered":"Suche nach Dieben: Polizeihubschrauber \u00fcber Castrop-Rauxel"},"content":{"rendered":"<p class=\"small date article__date\">Ver\u00f6ffentlicht:\u00a0Dienstag, 29.07.2025 13:51<\/p>\n<p>\u00dcber Castrop-Rauxel kreiste in der Nacht zu Dienstag (29.07.) ein Polizeihubschrauber. Es wurde nach mutma\u00dflichen Dieben gesucht. <\/p>\n<p><img decoding=\"async\" alt=\"Hubschrauber vor blauem Himmel. Bei Verwendung in Social Media muss die Bildquelle am Bild genannt werden; bei Verwendung als Nachrichtenbild spielt das System diese automatisch mit aus.\" src=\"https:\/\/www.europesays.com\/de\/wp-content\/uploads\/2025\/07\/fotolia_182726991_l.jpg&#038;crop=0x49x2356x1473&#038;resize=1280x800&#038;dt=202507291354570.jpeg\" data-size=\"1280x800\"\/>\u00a9 DanBu.Berlin\/Fotolia.comPolizeieinsatz an der Stadtgrenze Castrop-Rauxel \/ Dortmund <\/p>\n<p>Polizeieinsatz in der Nacht zu Dienstag (29.07.) an der Stadtgrenze Castrop-Rauxel \/ Dortmund. Zeugen meldeten einen Diebstahl aus einem Transporter an der Dortmunder Stra\u00dfe in Castrop-Rauxel-Frohlinde. Mehrere M\u00e4nner sollen dort ein Aggregat aus einem Ford Transit geklaut haben. Als die Polizei kam, sah sie noch einen T\u00e4ter fl\u00fcchten. <\/p>\n<p>\u00a0<\/p>\n<p>Autoaufbr\u00fcche und mehrere verd\u00e4chtige Personen <\/p>\n<p>Auch auf Dortmunder Stadtgebiet wurden Autoaufbr\u00fcche und verd\u00e4chtige Personen gemeldet. Die Polizei suchte per Hubschrauber nach dem Verd\u00e4chtigen und konnte zwei Fahrzeuge beschlagnahmen, die den mutma\u00dflichen T\u00e4tern geh\u00f6ren. In den Autos befanden sich laut der Ermittler m\u00f6gliche Beute, Tatwerkzeuge und Nummernschilder.\u00a0<\/p>\n","protected":false},"excerpt":{"rendered":"Ver\u00f6ffentlicht:\u00a0Dienstag, 29.07.2025 13:51 \u00dcber Castrop-Rauxel kreiste in der Nacht zu Dienstag (29.07.) ein Polizeihubschrauber. Es wurde nach mutma\u00dflichen&hellip;\n","protected":false},"author":2,"featured_media":304283,"comment_status":"","ping_status":"","sticky":false,"template":"","format":"standard","meta":{"footnotes":""},"categories":[1839],"tags":[7507,3364,29,30,1209,9804],"class_list":{"0":"post-304282","1":"post","2":"type-post","3":"status-publish","4":"format-standard","5":"has-post-thumbnail","7":"category-bochum","8":"tag-bochum","9":"tag-de","10":"tag-deutschland","11":"tag-germany","12":"tag-nordrhein-westfalen","13":"tag-polizeihubschrauber"},"share_on_mastodon":{"url":"https:\/\/pubeurope.com\/@de\/114939274428136669","error":""},"_links":{"self":[{"href":"https:\/\/www.europesays.com\/de\/wp-json\/wp\/v2\/posts\/304282","targetHints":{"allow":["GET"]}}],"collection":[{"href":"https:\/\/www.europesays.com\/de\/wp-json\/wp\/v2\/posts"}],"about":[{"href":"https:\/\/www.europesays.com\/de\/wp-json\/wp\/v2\/types\/post"}],"author":[{"embeddable":true,"href":"https:\/\/www.europesays.com\/de\/wp-json\/wp\/v2\/users\/2"}],"replies":[{"embeddable":true,"href":"https:\/\/www.europesays.com\/de\/wp-json\/wp\/v2\/comments?post=304282"}],"version-history":[{"count":0,"href":"https:\/\/www.europesays.com\/de\/wp-json\/wp\/v2\/posts\/304282\/revisions"}],"wp:featuredmedia":[{"embeddable":true,"href":"https:\/\/www.europesays.com\/de\/wp-json\/wp\/v2\/media\/304283"}],"wp:attachment":[{"href":"https:\/\/www.europesays.com\/de\/wp-json\/wp\/v2\/media?parent=304282"}],"wp:term":[{"taxonomy":"category","embeddable":true,"href":"https:\/\/www.europesays.com\/de\/wp-json\/wp\/v2\/categories?post=304282"},{"taxonomy":"post_tag","embeddable":true,"href":"https:\/\/www.europesays.com\/de\/wp-json\/wp\/v2\/tags?post=304282"}],"curies":[{"name":"wp","href":"https:\/\/api.w.org\/{rel}","templated":true}]}}