{"id":304421,"date":"2025-07-30T01:28:15","date_gmt":"2025-07-30T01:28:15","guid":{"rendered":"https:\/\/www.europesays.com\/de\/304421\/"},"modified":"2025-07-30T01:28:15","modified_gmt":"2025-07-30T01:28:15","slug":"ssvg-velbert-wuppertaler-sv-wuppertal-hofft-auf-den-ersten-saisonsieg-regionalliga-west","status":"publish","type":"post","link":"https:\/\/www.europesays.com\/de\/304421\/","title":{"rendered":"SSVg Velbert &#8211; Wuppertaler SV: Wuppertal hofft auf den ersten Saisonsieg &#8211; Regionalliga West"},"content":{"rendered":"<p class=\"is-first-paragraph\" data-external=\"Article.FirstParagraph\">Velbert musste sich zum Saisonbeginn mit einem 2:2-Unentschieden gegen die Sportfreunde Lotte zufriedengeben. Nach der 0:2-Niederlage gegen den SC Fortuna K\u00f6ln zum Saisonstart ist der WSV um Wiedergutmachung bem\u00fcht und will diesmal als Sieger vom Platz gehen.<\/p>\n<p>Mit nur 31 Punkten landete der Wuppertaler SV in der vergangenen Saison auf Platz 13. Will man in dieser Spielzeit nicht wieder im letzten Tabellendrittel landen, muss man sich auf dem Platz steigern. In den meisten Aufeinandertreffen gab es f\u00fcr die G\u00e4ste nichts zu lachen. Blo\u00df acht Siege f\u00f6rderten sie zutage.<\/p>\n<p><b>Dieser Artikel wurde automatisch von unserem Partner Retresco anhand von Spieldaten erstellt.<\/b><\/p>\n","protected":false},"excerpt":{"rendered":"Velbert musste sich zum Saisonbeginn mit einem 2:2-Unentschieden gegen die Sportfreunde Lotte zufriedengeben. Nach der 0:2-Niederlage gegen den&hellip;\n","protected":false},"author":2,"featured_media":304422,"comment_status":"","ping_status":"","sticky":false,"template":"","format":"standard","meta":{"footnotes":""},"categories":[1840],"tags":[3364,29,30,1209,3694,4418],"class_list":{"0":"post-304421","1":"post","2":"type-post","3":"status-publish","4":"format-standard","5":"has-post-thumbnail","7":"category-wuppertal","8":"tag-de","9":"tag-deutschland","10":"tag-germany","11":"tag-nordrhein-westfalen","12":"tag-textengine","13":"tag-wuppertal"},"share_on_mastodon":{"url":"https:\/\/pubeurope.com\/@de\/114939593292126933","error":""},"_links":{"self":[{"href":"https:\/\/www.europesays.com\/de\/wp-json\/wp\/v2\/posts\/304421","targetHints":{"allow":["GET"]}}],"collection":[{"href":"https:\/\/www.europesays.com\/de\/wp-json\/wp\/v2\/posts"}],"about":[{"href":"https:\/\/www.europesays.com\/de\/wp-json\/wp\/v2\/types\/post"}],"author":[{"embeddable":true,"href":"https:\/\/www.europesays.com\/de\/wp-json\/wp\/v2\/users\/2"}],"replies":[{"embeddable":true,"href":"https:\/\/www.europesays.com\/de\/wp-json\/wp\/v2\/comments?post=304421"}],"version-history":[{"count":0,"href":"https:\/\/www.europesays.com\/de\/wp-json\/wp\/v2\/posts\/304421\/revisions"}],"wp:featuredmedia":[{"embeddable":true,"href":"https:\/\/www.europesays.com\/de\/wp-json\/wp\/v2\/media\/304422"}],"wp:attachment":[{"href":"https:\/\/www.europesays.com\/de\/wp-json\/wp\/v2\/media?parent=304421"}],"wp:term":[{"taxonomy":"category","embeddable":true,"href":"https:\/\/www.europesays.com\/de\/wp-json\/wp\/v2\/categories?post=304421"},{"taxonomy":"post_tag","embeddable":true,"href":"https:\/\/www.europesays.com\/de\/wp-json\/wp\/v2\/tags?post=304421"}],"curies":[{"name":"wp","href":"https:\/\/api.w.org\/{rel}","templated":true}]}}