{"id":305204,"date":"2025-07-30T08:49:11","date_gmt":"2025-07-30T08:49:11","guid":{"rendered":"https:\/\/www.europesays.com\/de\/305204\/"},"modified":"2025-07-30T08:49:11","modified_gmt":"2025-07-30T08:49:11","slug":"warum-fuer-katja-lange-mueller-zynismus-eine-sackgasse-ist","status":"publish","type":"post","link":"https:\/\/www.europesays.com\/de\/305204\/","title":{"rendered":"Warum f\u00fcr Katja Lange-M\u00fcller Zynismus eine Sackgasse ist \u00a0"},"content":{"rendered":"<p class=\"richtext text-em-55 !leading-serif mx-6 desktop:mx-0\">Die Idee zu \u201eUnser Ole\u201c kam Katja Lange-M\u00fcller w\u00e4hrend der Pandemie. Alle waren im Lockdown. Wenn die Autorin aus ihrem Fenster im Berliner <a href=\"https:\/\/rp-online.de\/thema\/wedding\/\" target=\"_blank\" rel=\"noopener\">Wedding<\/a> auf die Stra\u00dfe schaute, sah sie regelm\u00e4\u00dfig einen jungen gro\u00dfen Mann mit ungelenken Bewegungen zum nahegelegenen Spielplatz gehen, die Absperrb\u00e4nder abrei\u00dfen, um ein paar Minuten zu schaukeln und ihn wieder zu verlassen. \u201eIch habe ihn bei mir Ole genannt. Er war der Typ Mensch, bei dem du wei\u00dft, dass es besser ist, ihn nicht ungefragt an die Schulter zu fassen\u201c, erz\u00e4hlte die in Ost-Berlin aufgewachsene Autorin im Gespr\u00e4ch mit Maren Jungclaus. Im ausverkauften Schaufenster der Zentralbibliothek war Katja Lange-M\u00fcller am Dienstagabend zu Gast beim deutsch-niederl\u00e4ndischen Lesefestival Literarischer Sommer 2025.<\/p>\n","protected":false},"excerpt":{"rendered":"Die Idee zu \u201eUnser Ole\u201c kam Katja Lange-M\u00fcller w\u00e4hrend der Pandemie. Alle waren im Lockdown. Wenn die Autorin&hellip;\n","protected":false},"author":2,"featured_media":305205,"comment_status":"","ping_status":"","sticky":false,"template":"","format":"standard","meta":{"footnotes":""},"categories":[1831],"tags":[17546,29286,3364,29,3405,88285,15906,30,88284,83157,83156,74551,1209,50211,2715,3897,88286],"class_list":{"0":"post-305204","1":"post","2":"type-post","3":"status-publish","4":"format-standard","5":"has-post-thumbnail","7":"category-duesseldorf","8":"tag-autorin","9":"tag-autorinnen","10":"tag-de","11":"tag-deutschland","12":"tag-duesseldorf","13":"tag-erzaehlungen","14":"tag-gast","15":"tag-germany","16":"tag-katja-lange-mueller","17":"tag-literarische","18":"tag-literarischer","19":"tag-niederlaendischen","20":"tag-nordrhein-westfalen","21":"tag-ole","22":"tag-sommer","23":"tag-zentralbibliothek","24":"tag-zynismus"},"share_on_mastodon":{"url":"https:\/\/pubeurope.com\/@de\/114941327126206995","error":""},"_links":{"self":[{"href":"https:\/\/www.europesays.com\/de\/wp-json\/wp\/v2\/posts\/305204","targetHints":{"allow":["GET"]}}],"collection":[{"href":"https:\/\/www.europesays.com\/de\/wp-json\/wp\/v2\/posts"}],"about":[{"href":"https:\/\/www.europesays.com\/de\/wp-json\/wp\/v2\/types\/post"}],"author":[{"embeddable":true,"href":"https:\/\/www.europesays.com\/de\/wp-json\/wp\/v2\/users\/2"}],"replies":[{"embeddable":true,"href":"https:\/\/www.europesays.com\/de\/wp-json\/wp\/v2\/comments?post=305204"}],"version-history":[{"count":0,"href":"https:\/\/www.europesays.com\/de\/wp-json\/wp\/v2\/posts\/305204\/revisions"}],"wp:featuredmedia":[{"embeddable":true,"href":"https:\/\/www.europesays.com\/de\/wp-json\/wp\/v2\/media\/305205"}],"wp:attachment":[{"href":"https:\/\/www.europesays.com\/de\/wp-json\/wp\/v2\/media?parent=305204"}],"wp:term":[{"taxonomy":"category","embeddable":true,"href":"https:\/\/www.europesays.com\/de\/wp-json\/wp\/v2\/categories?post=305204"},{"taxonomy":"post_tag","embeddable":true,"href":"https:\/\/www.europesays.com\/de\/wp-json\/wp\/v2\/tags?post=305204"}],"curies":[{"name":"wp","href":"https:\/\/api.w.org\/{rel}","templated":true}]}}