{"id":305269,"date":"2025-07-30T09:24:10","date_gmt":"2025-07-30T09:24:10","guid":{"rendered":"https:\/\/www.europesays.com\/de\/305269\/"},"modified":"2025-07-30T09:24:10","modified_gmt":"2025-07-30T09:24:10","slug":"salzgitter-hier-kann-ab-sofort-wieder-sport-getrieben-werden","status":"publish","type":"post","link":"https:\/\/www.europesays.com\/de\/305269\/","title":{"rendered":"Salzgitter: Hier kann ab sofort wieder Sport getrieben werden"},"content":{"rendered":"<p>Diese Tennispl\u00e4tze k\u00f6nnen wieder genutzt werden. | Foto: B\u00e4der, Sport und Freizeit GmbH (BSF)<\/p>\n<p class=\"datum\">30.07.2025, 10:39 Uhr<\/p>\n<p><strong>Salzgitter. Die Tennispl\u00e4tze am Salzgittersee sind ab sofort wieder nutzbar. Dar\u00fcber informiert die <a class=\"redlink\" href=\"https:\/\/regionalheute.de\/salzgitter\/\" rel=\"nofollow noopener\" target=\"_blank\">Stadt Salzgitter<\/a> in einer Pressemitteilung.<br \/><\/strong><br \/>\n<\/p>\n<p>Die B\u00e4der, Sport und Freizeit GmbH (BSF) hat zusammen mit dem Eigenbetrieb Geb\u00e4udemanagement, Einkauf und Logistik die Spielfl\u00e4chen der Tennispl\u00e4tze am Salzgittersee saniert, neue Linien markiert, Netze gespannt und die Z\u00e4une erneuert \u2013 ab sofort sind die Pl\u00e4tze wieder bespielbar. Nach Mitteilung der BSF ist die Nutzung rund um die Uhr kostenfrei m\u00f6glich.<\/p>\n<p>So hoch waren die Kosten<\/p>\n<p>Die Sanierung hat der Rat der Stadt Salzgitter beschlossen. Von April bis Ende Juni haben die Arbeiten mit Kosten von rund 120.000 Euro stattgefunden. Parallel dazu wurde aufgrund des Ratsbeschlusses ein weiterer Tennisplatz zur\u00fcckgebaut (Kosten: rund 85.000 Euro).<\/p>\n","protected":false},"excerpt":{"rendered":"Diese Tennispl\u00e4tze k\u00f6nnen wieder genutzt werden. | Foto: B\u00e4der, Sport und Freizeit GmbH (BSF) 30.07.2025, 10:39 Uhr Salzgitter.&hellip;\n","protected":false},"author":2,"featured_media":305270,"comment_status":"","ping_status":"","sticky":false,"template":"","format":"standard","meta":{"footnotes":""},"categories":[1850],"tags":[6429,3364,29,548,663,3934,30,13,14,15,1411,12],"class_list":{"0":"post-305269","1":"post","2":"type-post","3":"status-publish","4":"format-standard","5":"has-post-thumbnail","7":"category-braunschweig","8":"tag-braunschweig","9":"tag-de","10":"tag-deutschland","11":"tag-eu","12":"tag-europa","13":"tag-europe","14":"tag-germany","15":"tag-headlines","16":"tag-nachrichten","17":"tag-news","18":"tag-niedersachsen","19":"tag-schlagzeilen"},"share_on_mastodon":{"url":"https:\/\/pubeurope.com\/@de\/114941464855757127","error":""},"_links":{"self":[{"href":"https:\/\/www.europesays.com\/de\/wp-json\/wp\/v2\/posts\/305269","targetHints":{"allow":["GET"]}}],"collection":[{"href":"https:\/\/www.europesays.com\/de\/wp-json\/wp\/v2\/posts"}],"about":[{"href":"https:\/\/www.europesays.com\/de\/wp-json\/wp\/v2\/types\/post"}],"author":[{"embeddable":true,"href":"https:\/\/www.europesays.com\/de\/wp-json\/wp\/v2\/users\/2"}],"replies":[{"embeddable":true,"href":"https:\/\/www.europesays.com\/de\/wp-json\/wp\/v2\/comments?post=305269"}],"version-history":[{"count":0,"href":"https:\/\/www.europesays.com\/de\/wp-json\/wp\/v2\/posts\/305269\/revisions"}],"wp:featuredmedia":[{"embeddable":true,"href":"https:\/\/www.europesays.com\/de\/wp-json\/wp\/v2\/media\/305270"}],"wp:attachment":[{"href":"https:\/\/www.europesays.com\/de\/wp-json\/wp\/v2\/media?parent=305269"}],"wp:term":[{"taxonomy":"category","embeddable":true,"href":"https:\/\/www.europesays.com\/de\/wp-json\/wp\/v2\/categories?post=305269"},{"taxonomy":"post_tag","embeddable":true,"href":"https:\/\/www.europesays.com\/de\/wp-json\/wp\/v2\/tags?post=305269"}],"curies":[{"name":"wp","href":"https:\/\/api.w.org\/{rel}","templated":true}]}}