{"id":305421,"date":"2025-07-30T10:48:12","date_gmt":"2025-07-30T10:48:12","guid":{"rendered":"https:\/\/www.europesays.com\/de\/305421\/"},"modified":"2025-07-30T10:48:12","modified_gmt":"2025-07-30T10:48:12","slug":"auslaendische-fachkraefte-in-moenchengladbach-wie-integrationsmanagement-funktioniert","status":"publish","type":"post","link":"https:\/\/www.europesays.com\/de\/305421\/","title":{"rendered":"Ausl\u00e4ndische Fachkr\u00e4fte in M\u00f6nchengladbach: Wie Integrationsmanagement funktioniert"},"content":{"rendered":"<p class=\"text_ohne_einzug richtext text-em-55 !leading-serif mx-6 desktop:mx-0\">Im August 2024 tritt Amine Moussa die Reise an: Von Tunesien fliegt er nach Deutschland. Sein Ziel: <a href=\"https:\/\/rp-online.de\/thema\/moenchengladbach\/\" target=\"_blank\" rel=\"noopener\">M\u00f6nchengladbach<\/a>, genauer gesagt das Elisabeth-Krankenhaus. Dort will der heute 43-j\u00e4hrige Familienvater k\u00fcnftig arbeiten. In seiner Heimat hat er nach dem Abitur Kinderkrankenpfleger gelernt, was dort ein Studium erfordert und kein Ausbildungsberuf ist. Im Anschluss arbeitet er zehn Jahre in seinem <a href=\"https:\/\/rp-online.de\/thema\/beruf\/\" target=\"_blank\" rel=\"noopener\">Beruf<\/a>. Dann f\u00e4llt er die Entscheidung, auszuwandern. Entweder nach <a href=\"https:\/\/rp-online.de\/thema\/kanada\/\" target=\"_blank\" rel=\"noopener\">Kanada<\/a> oder nach Deutschland. Warum es dann Letzteres geworden ist, wisse er nicht mehr so genau, erz\u00e4hlt Amine Moussa und lacht. Vielleicht weil Kanada im Winter zu kalt sei. Jedenfalls habe ihn die Karriereseite des M\u00f6nchengladbacher Krankenhauses angesprochen. Dort wird alles genau erkl\u00e4rt zur Integration und Qualifizierung ausl\u00e4ndischer Fachkr\u00e4fte. Sie sind ein wichtiger Baustein bei der Personalgewinnung in Zeiten des Fachkr\u00e4ftemangels, wie die beiden Integrationsmanagerinnen des Krankenhauses, Alma Dreyer und Sigrid Fritz, erz\u00e4hlen. \u201eEs ist unser gro\u00dfes Ziel, dass alle, die kommen, auch bleiben.\u201c<\/p>\n","protected":false},"excerpt":{"rendered":"Im August 2024 tritt Amine Moussa die Reise an: Von Tunesien fliegt er nach Deutschland. Sein Ziel: M\u00f6nchengladbach,&hellip;\n","protected":false},"author":2,"featured_media":305422,"comment_status":"","ping_status":"","sticky":false,"template":"","format":"standard","meta":{"footnotes":""},"categories":[1849],"tags":[3364,29,548,663,3934,30,13,4455,14,15,1209,12,8682],"class_list":{"0":"post-305421","1":"post","2":"type-post","3":"status-publish","4":"format-standard","5":"has-post-thumbnail","7":"category-moenchengladbach","8":"tag-de","9":"tag-deutschland","10":"tag-eu","11":"tag-europa","12":"tag-europe","13":"tag-germany","14":"tag-headlines","15":"tag-moenchengladbach","16":"tag-nachrichten","17":"tag-news","18":"tag-nordrhein-westfalen","19":"tag-schlagzeilen","20":"tag-xxx"},"share_on_mastodon":{"url":"https:\/\/pubeurope.com\/@de\/114941795001906277","error":""},"_links":{"self":[{"href":"https:\/\/www.europesays.com\/de\/wp-json\/wp\/v2\/posts\/305421","targetHints":{"allow":["GET"]}}],"collection":[{"href":"https:\/\/www.europesays.com\/de\/wp-json\/wp\/v2\/posts"}],"about":[{"href":"https:\/\/www.europesays.com\/de\/wp-json\/wp\/v2\/types\/post"}],"author":[{"embeddable":true,"href":"https:\/\/www.europesays.com\/de\/wp-json\/wp\/v2\/users\/2"}],"replies":[{"embeddable":true,"href":"https:\/\/www.europesays.com\/de\/wp-json\/wp\/v2\/comments?post=305421"}],"version-history":[{"count":0,"href":"https:\/\/www.europesays.com\/de\/wp-json\/wp\/v2\/posts\/305421\/revisions"}],"wp:featuredmedia":[{"embeddable":true,"href":"https:\/\/www.europesays.com\/de\/wp-json\/wp\/v2\/media\/305422"}],"wp:attachment":[{"href":"https:\/\/www.europesays.com\/de\/wp-json\/wp\/v2\/media?parent=305421"}],"wp:term":[{"taxonomy":"category","embeddable":true,"href":"https:\/\/www.europesays.com\/de\/wp-json\/wp\/v2\/categories?post=305421"},{"taxonomy":"post_tag","embeddable":true,"href":"https:\/\/www.europesays.com\/de\/wp-json\/wp\/v2\/tags?post=305421"}],"curies":[{"name":"wp","href":"https:\/\/api.w.org\/{rel}","templated":true}]}}