{"id":305549,"date":"2025-07-30T12:01:11","date_gmt":"2025-07-30T12:01:11","guid":{"rendered":"https:\/\/www.europesays.com\/de\/305549\/"},"modified":"2025-07-30T12:01:11","modified_gmt":"2025-07-30T12:01:11","slug":"schweiz-putin-vertraute-tritt-in-genf-auf-julia-kloeckner-verlaesst-den-saal","status":"publish","type":"post","link":"https:\/\/www.europesays.com\/de\/305549\/","title":{"rendered":"Schweiz: Putin-Vertraute tritt in Genf auf \u2013 Julia Kl\u00f6ckner verl\u00e4sst den Saal"},"content":{"rendered":"<p class=\"is-first-paragraph\" data-external=\"Article.FirstParagraph\">Aus Protest gegen den <a class=\"is-link c-block-items__link c-link--rich-text-renderer\" href=\"https:\/\/www.welt.de\/themen\/ukraine-krise\/\" data-internal-tracking-enabled=\"true\" data-internal-tracking=\"{&quot;action&quot;:&quot;click&quot;,&quot;label&quot;:&quot;link&quot;,&quot;name&quot;:&quot;Inline Element&quot;,&quot;data&quot;:{&quot;source&quot;:&quot;&quot;,&quot;target&quot;:&quot;https:\/\/www.welt.de\/themen\/ukraine-krise\/&quot;,&quot;trackingName&quot;:&quot;&quot;,&quot;trackingLabel&quot;:&quot;&quot;}}\" target=\"_blank\" rel=\"noopener\">russischen Angriffskrieg auf die Ukraine<\/a> haben <a class=\"is-link c-block-items__link c-link--rich-text-renderer\" href=\"https:\/\/www.welt.de\/themen\/julia-kloeckner\/\" data-internal-tracking-enabled=\"true\" data-internal-tracking=\"{&quot;action&quot;:&quot;click&quot;,&quot;label&quot;:&quot;link&quot;,&quot;name&quot;:&quot;Inline Element&quot;,&quot;data&quot;:{&quot;source&quot;:&quot;&quot;,&quot;target&quot;:&quot;https:\/\/www.welt.de\/themen\/julia-kloeckner\/&quot;,&quot;trackingName&quot;:&quot;&quot;,&quot;trackingLabel&quot;:&quot;&quot;}}\" target=\"_blank\" rel=\"noopener\">Bundestagspr\u00e4sidentin Julia Kl\u00f6ckner<\/a> und Vertreter anderer EU-Staaten bei einer internationalen Konferenz in Genf demonstrativ den Saal verlassen. Dort trat Valentina Matwijenko auf. Als Vorsitzende des F\u00f6derationsrates, des russischen Parlamentsoberhauses, gilt sie als die m\u00e4chtigste Frau Russlands. Die 76-J\u00e4hrige steht als gl\u00fchende Bef\u00fcrworterin des von Putin befohlenen Angriffskriegs gegen die Ukraine auf westlichen Sanktionslisten.<\/p>\n<p>Die Schweiz verweist darauf, dass sie als Gastgeberin internationaler Konferenzen bei solchen Anl\u00e4ssen Ausnahmegenehmigungen f\u00fcr Einreisen erteilen muss. Es geht um eine alle f\u00fcnf Jahre stattfindende Versammlung von Parlamentspr\u00e4sidenten der Interparlamentarischen Union (IPU), die damit den Frieden f\u00f6rdern will.<\/p>\n<p>\u201eMit seinem barbarischen Angriffskrieg gegen die Ukraine tritt Russland das V\u00f6lkerrecht mit F\u00fc\u00dfen\u201c, teilte Kl\u00f6ckner anschlie\u00dfend mit. \u201eDen zynischen Versuchen der russischen Delegation, Geschichtsklitterung und eine T\u00e4ter-Opfer-Umkehr zu betreiben, schenken wir keine Aufmerksamkeit.\u201c<\/p>\n<p><a class=\"is-link c-block-items__link c-link--rich-text-renderer\" href=\"https:\/\/www.welt.de\/politik\/ausland\/article6887d33e893b255c80dafa14\/sanktionierte-politikerin-es-ist-wahnsinn-putin-vertraute-tritt-in-der-schweiz-auf.html\" data-internal-tracking-enabled=\"true\" data-internal-tracking=\"{&quot;action&quot;:&quot;click&quot;,&quot;label&quot;:&quot;link&quot;,&quot;name&quot;:&quot;Inline Element&quot;,&quot;data&quot;:{&quot;source&quot;:&quot;&quot;,&quot;target&quot;:&quot;https:\/\/www.welt.de\/politik\/ausland\/article6887d33e893b255c80dafa14\/sanktionierte-politikerin-es-ist-wahnsinn-putin-vertraute-tritt-in-der-schweiz-auf.html&quot;,&quot;trackingName&quot;:&quot;&quot;,&quot;trackingLabel&quot;:&quot;&quot;}}\" target=\"_blank\" rel=\"noopener\">Matwijenko hatte einen Auftritt vor kleinerem Publikum am Montag schon genutzt<\/a>, um die Ukraine zu verunglimpfen. Ihr Auftritt im Westen wurde in Russland teils als Propagandaerfolg verbucht. Neben Matwijenko waren auch die ebenfalls sanktionierten Duma-Politiker Leonid Sluzki und Pjotr Tolstoi bei der Veranstaltung in Genf.<\/p>\n<p>Die Stiftung des verstorbenen Oppositionspolitikers Alexej Nawalny <a class=\"is-link c-block-items__link is-external c-link--rich-text-renderer\" href=\"https:\/\/x.com\/ACF_int\/status\/1949768174305431823\" title=\"(Link wird in einem neuen Tab ge\u00f6ffnet)\" rel=\"nofollow\" data-internal-tracking-enabled=\"true\" data-internal-tracking=\"{&quot;action&quot;:&quot;click&quot;,&quot;label&quot;:&quot;link&quot;,&quot;name&quot;:&quot;Inline Element&quot;,&quot;data&quot;:{&quot;source&quot;:&quot;&quot;,&quot;target&quot;:&quot;https:\/\/x.com\/ACF_int\/status\/1949768174305431823&quot;,&quot;trackingName&quot;:&quot;&quot;,&quot;trackingLabel&quot;:&quot;&quot;}}\">kritisierte<\/a> den Auftritt von Matwijenko scharf: \u201eEs ist Wahnsinn, echte Kriegsverbrecher zu einer Friedenskonferenz nach Europa einzuladen.\u201c<\/p>\n","protected":false},"excerpt":{"rendered":"Aus Protest gegen den russischen Angriffskrieg auf die Ukraine haben Bundestagspr\u00e4sidentin Julia Kl\u00f6ckner und Vertreter anderer EU-Staaten bei&hellip;\n","protected":false},"author":2,"featured_media":305550,"comment_status":"","ping_status":"","sticky":false,"template":"","format":"standard","meta":{"footnotes":""},"categories":[3],"tags":[37303,13,1330,1329,14,15,110,307,115,12,10,8,9,11,317,103,104],"class_list":{"0":"post-305549","1":"post","2":"type-post","3":"status-publish","4":"format-standard","5":"has-post-thumbnail","7":"category-welt","8":"tag-genf","9":"tag-headlines","10":"tag-julia","11":"tag-kloeckner","12":"tag-nachrichten","13":"tag-news","14":"tag-newsteam","15":"tag-russland","16":"tag-russland-ukraine-krieg-24-2-2022","17":"tag-schlagzeilen","18":"tag-top-news","19":"tag-top-meldungen","20":"tag-topmeldungen","21":"tag-topnews","22":"tag-ukraine","23":"tag-welt","24":"tag-world"},"share_on_mastodon":{"url":"https:\/\/pubeurope.com\/@de\/114942081975743954","error":""},"_links":{"self":[{"href":"https:\/\/www.europesays.com\/de\/wp-json\/wp\/v2\/posts\/305549","targetHints":{"allow":["GET"]}}],"collection":[{"href":"https:\/\/www.europesays.com\/de\/wp-json\/wp\/v2\/posts"}],"about":[{"href":"https:\/\/www.europesays.com\/de\/wp-json\/wp\/v2\/types\/post"}],"author":[{"embeddable":true,"href":"https:\/\/www.europesays.com\/de\/wp-json\/wp\/v2\/users\/2"}],"replies":[{"embeddable":true,"href":"https:\/\/www.europesays.com\/de\/wp-json\/wp\/v2\/comments?post=305549"}],"version-history":[{"count":0,"href":"https:\/\/www.europesays.com\/de\/wp-json\/wp\/v2\/posts\/305549\/revisions"}],"wp:featuredmedia":[{"embeddable":true,"href":"https:\/\/www.europesays.com\/de\/wp-json\/wp\/v2\/media\/305550"}],"wp:attachment":[{"href":"https:\/\/www.europesays.com\/de\/wp-json\/wp\/v2\/media?parent=305549"}],"wp:term":[{"taxonomy":"category","embeddable":true,"href":"https:\/\/www.europesays.com\/de\/wp-json\/wp\/v2\/categories?post=305549"},{"taxonomy":"post_tag","embeddable":true,"href":"https:\/\/www.europesays.com\/de\/wp-json\/wp\/v2\/tags?post=305549"}],"curies":[{"name":"wp","href":"https:\/\/api.w.org\/{rel}","templated":true}]}}