{"id":305777,"date":"2025-07-30T14:05:12","date_gmt":"2025-07-30T14:05:12","guid":{"rendered":"https:\/\/www.europesays.com\/de\/305777\/"},"modified":"2025-07-30T14:05:12","modified_gmt":"2025-07-30T14:05:12","slug":"pol-hb-nr-0491-auto-ueberschlaegt-sich-bei-unfall-in-st-magnus","status":"publish","type":"post","link":"https:\/\/www.europesays.com\/de\/305777\/","title":{"rendered":"POL-HB: Nr.: 0491 &#8211;Auto \u00fcberschl\u00e4gt sich bei Unfall in St. Magnus&#8211;"},"content":{"rendered":"<p class=\"date\">30.07.2025 \u2013 16:02<\/p>\n<p class=\"customer\">\n                        <a class=\"story-customer\" title=\"weiter zum newsroom von Polizei Bremen\" href=\"https:\/\/www.presseportal.de\/blaulicht\/nr\/35235\" rel=\"nofollow noopener\" target=\"_blank\">Polizei Bremen<\/a>\n                    <\/p>\n<p><a data-category=\"citylink-story-view\" data-action=\"click\" data-label=\"Citylink in Meldungsansicht\" class=\"story-city event-trigger\" href=\"https:\/\/www.presseportal.de\/regional\/Bremen\" title=\"News aus Bremen \" rel=\"nofollow noopener\" target=\"_blank\">Bremen<\/a> (ots)<\/p>\n<p>   -Ort: \tBremen-Burglesum, OT St. Magnus, Raschenkampsweg<br \/>\nZeit: \t29.07.2025, 5 Uhr<\/p>\n<p>In Burglesum ereignete sich am Dienstagmorgen ein Verkehrsunfall, bei dem der Autofahrer sowie zwei Insassen leicht verletzt wurden.<\/p>\n<p>Einsatzkr\u00e4fte der Polizei Bremen erhielten am Dienstag gegen 5 Uhr einen automatisierten Notruf, der von einem Fahrzeug im Raschenkampsweg abgesetzt wurde. Vor Ort fanden sie einen Mercedes mit d\u00e4nischem Kennzeichen, der auf dem Dach liegend in voller Ausdehnung brannte. Einsatzkr\u00e4fte der Feuerwehr l\u00f6schten den Brand. Im weiteren Verlauf trafen die Polizisten auf drei Insassen, ein zw\u00f6lfj\u00e4hriges M\u00e4dchen, einen 15 Jahre alten Junge und den 51 Jahre alten Mercedes-Fahrer, die gl\u00fccklicherweise nur leicht verletzt wurden. Sie wurden von Rettungskr\u00e4ften vor Ort versorgt. Nach ersten Erkenntnissen \u00fcbersah der 51-J\u00e4hrige das Ende der Stra\u00dfe. Aufgrund einer Fahrbahnerh\u00f6hung kam es zu einem Sprung des Autos. Beim Aufsetzen verlor der Mercedes-Fahrer die Kontrolle, das Auto \u00fcberschlug sich und prallte gegen eine Stra\u00dfenlaterne und gegen einen massiven Steinpfahl, welcher aufgrund der Wucht des Aufpralls mehrere Meter mitgerissen wurde. Das Auto kam zum Stehen und fing kurze Zeit sp\u00e4ter Feuer. Es entstand hoher Sachschaden.<\/p>\n<p>Das Verkehrskommissariat der Polizei Bremen hat die Ermittlungen zur genauen Unfallursache \u00fcbernommen.<\/p>\n<p class=\"contact-headline\">R\u00fcckfragen bitte an:<\/p>\n<p class=\"contact-text\">Pressestelle Polizei Bremen<br \/>Nastasja-Klara Nadolska<br \/>Telefon: 0421\/362-12114<br \/><a target=\"_blank\" class=\"uri-ext outbound\" rel=\"noopener nofollow\" href=\"http:\/\/www.polizei.bremen.de\">http:\/\/www.polizei.bremen.de<\/a><br \/><a target=\"_blank\" class=\"uri-ext outbound\" rel=\"noopener nofollow\" href=\"http:\/\/www.polizei-beratung.de\">http:\/\/www.polizei-beratung.de<\/a><\/p>\n<p class=\"originator\">Original-Content von: Polizei Bremen, \u00fcbermittelt durch news aktuell<\/p>\n","protected":false},"excerpt":{"rendered":"30.07.2025 \u2013 16:02 Polizei Bremen Bremen (ots) -Ort: Bremen-Burglesum, OT St. Magnus, Raschenkampsweg Zeit: 29.07.2025, 5 Uhr In&hellip;\n","protected":false},"author":2,"featured_media":108,"comment_status":"","ping_status":"","sticky":false,"template":"","format":"standard","meta":{"footnotes":""},"categories":[1824],"tags":[2420,3364,29,30,7309,177,5404,121,178,180,179,181],"class_list":{"0":"post-305777","1":"post","2":"type-post","3":"status-publish","4":"format-standard","5":"has-post-thumbnail","7":"category-bremen","8":"tag-bremen","9":"tag-de","10":"tag-deutschland","11":"tag-germany","12":"tag-hb","13":"tag-kriminalitt","14":"tag-ni","15":"tag-polizei","16":"tag-presse","17":"tag-pressemeldung","18":"tag-pressemitteilung","19":"tag-pressemitteilungen"},"share_on_mastodon":{"url":"https:\/\/pubeurope.com\/@de\/114942569812489887","error":""},"_links":{"self":[{"href":"https:\/\/www.europesays.com\/de\/wp-json\/wp\/v2\/posts\/305777","targetHints":{"allow":["GET"]}}],"collection":[{"href":"https:\/\/www.europesays.com\/de\/wp-json\/wp\/v2\/posts"}],"about":[{"href":"https:\/\/www.europesays.com\/de\/wp-json\/wp\/v2\/types\/post"}],"author":[{"embeddable":true,"href":"https:\/\/www.europesays.com\/de\/wp-json\/wp\/v2\/users\/2"}],"replies":[{"embeddable":true,"href":"https:\/\/www.europesays.com\/de\/wp-json\/wp\/v2\/comments?post=305777"}],"version-history":[{"count":0,"href":"https:\/\/www.europesays.com\/de\/wp-json\/wp\/v2\/posts\/305777\/revisions"}],"wp:featuredmedia":[{"embeddable":true,"href":"https:\/\/www.europesays.com\/de\/wp-json\/wp\/v2\/media\/108"}],"wp:attachment":[{"href":"https:\/\/www.europesays.com\/de\/wp-json\/wp\/v2\/media?parent=305777"}],"wp:term":[{"taxonomy":"category","embeddable":true,"href":"https:\/\/www.europesays.com\/de\/wp-json\/wp\/v2\/categories?post=305777"},{"taxonomy":"post_tag","embeddable":true,"href":"https:\/\/www.europesays.com\/de\/wp-json\/wp\/v2\/tags?post=305777"}],"curies":[{"name":"wp","href":"https:\/\/api.w.org\/{rel}","templated":true}]}}