{"id":305858,"date":"2025-07-30T14:53:13","date_gmt":"2025-07-30T14:53:13","guid":{"rendered":"https:\/\/www.europesays.com\/de\/305858\/"},"modified":"2025-07-30T14:53:13","modified_gmt":"2025-07-30T14:53:13","slug":"randalierer-verletzt-polizisten","status":"publish","type":"post","link":"https:\/\/www.europesays.com\/de\/305858\/","title":{"rendered":"Randalierer verletzt Polizisten"},"content":{"rendered":"<p class=\"paragraph --regular --color\" data-v-a4a747d8=\"\" data-v-0c32301e=\"\">Stadt Wiesbaden. Am Dienstagabend hat die Polizei einen 21-j\u00e4hrigen Randalierer festgenommen, der Widerstand leistete. Dabei wurde ein Polizist leicht verletzt, ein Taser kam laut Bericht der Polizei zum Einsatz. Gegen 20.20 Uhr war die Polizei wegen eines Randalierers in eine Wohnung gerufen in der Kellerstra\u00dfe gerufen worden. Beim Eintreffen der Polizeikr\u00e4fte hatte der 21-J\u00e4hrige bereits Zimmer verw\u00fcstet und habe sich immer noch aggressiv gezeigt. Der 21-J\u00e4hrige wurde in eine psychiatrische Klinik gebracht.<\/p>\n","protected":false},"excerpt":{"rendered":"Stadt Wiesbaden. Am Dienstagabend hat die Polizei einen 21-j\u00e4hrigen Randalierer festgenommen, der Widerstand leistete. Dabei wurde ein Polizist&hellip;\n","protected":false},"author":2,"featured_media":67933,"comment_status":"","ping_status":"","sticky":false,"template":"","format":"standard","meta":{"footnotes":""},"categories":[1847],"tags":[3364,29,548,663,3934,30,13,2052,11188,14,15,10236,11189,12,11190,4544],"class_list":{"0":"post-305858","1":"post","2":"type-post","3":"status-publish","4":"format-standard","5":"has-post-thumbnail","7":"category-wiesbaden","8":"tag-de","9":"tag-deutschland","10":"tag-eu","11":"tag-europa","12":"tag-europe","13":"tag-germany","14":"tag-headlines","15":"tag-hessen","16":"tag-main-taunus","17":"tag-nachrichten","18":"tag-news","19":"tag-rhein-main","20":"tag-rheingau","21":"tag-schlagzeilen","22":"tag-untertaunus","23":"tag-wiesbaden"},"share_on_mastodon":{"url":"https:\/\/pubeurope.com\/@de\/114942758426429262","error":""},"_links":{"self":[{"href":"https:\/\/www.europesays.com\/de\/wp-json\/wp\/v2\/posts\/305858","targetHints":{"allow":["GET"]}}],"collection":[{"href":"https:\/\/www.europesays.com\/de\/wp-json\/wp\/v2\/posts"}],"about":[{"href":"https:\/\/www.europesays.com\/de\/wp-json\/wp\/v2\/types\/post"}],"author":[{"embeddable":true,"href":"https:\/\/www.europesays.com\/de\/wp-json\/wp\/v2\/users\/2"}],"replies":[{"embeddable":true,"href":"https:\/\/www.europesays.com\/de\/wp-json\/wp\/v2\/comments?post=305858"}],"version-history":[{"count":0,"href":"https:\/\/www.europesays.com\/de\/wp-json\/wp\/v2\/posts\/305858\/revisions"}],"wp:featuredmedia":[{"embeddable":true,"href":"https:\/\/www.europesays.com\/de\/wp-json\/wp\/v2\/media\/67933"}],"wp:attachment":[{"href":"https:\/\/www.europesays.com\/de\/wp-json\/wp\/v2\/media?parent=305858"}],"wp:term":[{"taxonomy":"category","embeddable":true,"href":"https:\/\/www.europesays.com\/de\/wp-json\/wp\/v2\/categories?post=305858"},{"taxonomy":"post_tag","embeddable":true,"href":"https:\/\/www.europesays.com\/de\/wp-json\/wp\/v2\/tags?post=305858"}],"curies":[{"name":"wp","href":"https:\/\/api.w.org\/{rel}","templated":true}]}}