{"id":305917,"date":"2025-07-30T15:29:12","date_gmt":"2025-07-30T15:29:12","guid":{"rendered":"https:\/\/www.europesays.com\/de\/305917\/"},"modified":"2025-07-30T15:29:12","modified_gmt":"2025-07-30T15:29:12","slug":"ende-einer-legende-dresdner-f6-zigarettenfabrik-schliesst","status":"publish","type":"post","link":"https:\/\/www.europesays.com\/de\/305917\/","title":{"rendered":"Ende einer Legende: Dresdner f6-Zigarettenfabrik schlie\u00dft"},"content":{"rendered":"<p class=\"bold\">\n\t\t\t\t\t\t\t\t\t\tMit Philip Morris schlie\u00dft einer der gr\u00f6\u00dften Zigarettenkonzerne der Welt sein letztes deutsches Werk \u2013 ausgerechnet in der einstigen Tabakhauptstadt Dresden. 274 Mitarbeiter verlieren ihren Job. Warum sie trotzdem \u201eDanke\u201c sagen.\t\t\t\t<\/p>\n<p>\t\t\t\t Nieselregen tr\u00f6pfelt aus dem wolkenverhangenen Himmel. Eine Handvoll M\u00e4nner steht neben der Pforte der \u201ef6 Cigarettenfabrik Dresden\u201c. Sie reden leise miteinander, die Stimmung ist gedr\u00fcckt. In der Raucherecke vor dem Verwaltungsgeb\u00e4ude, Baujahr 1900, dr\u00fccken zwei ihre Kippen aus und verschwinden durch die Eingangst\u00fcr. Ansonsten ist kaum&#8230;<\/p>\n<p>\t\t<img decoding=\"async\" class=\"fp-plus-logo\" src=\"https:\/\/www.freiepresse.de\/img\/fpplus.svg\" alt=\"Freie Presse plus Logo\"\/><\/p>\n<p>Registrieren und testen.<\/p>\n<p>Jetzt mit Ihrer Registrierung 1 Monat gratis testen und alle Beitr\u00e4ge lesen.<\/p>\n<p>Schon Abonnent? Melden Sie sich mit ihren Zugangsdaten an.<\/p>\n","protected":false},"excerpt":{"rendered":"Mit Philip Morris schlie\u00dft einer der gr\u00f6\u00dften Zigarettenkonzerne der Welt sein letztes deutsches Werk \u2013 ausgerechnet in der&hellip;\n","protected":false},"author":2,"featured_media":305918,"comment_status":"","ping_status":"","sticky":false,"template":"","format":"standard","meta":{"footnotes":""},"categories":[1835],"tags":[3364,29,2386,3858,30,859],"class_list":{"0":"post-305917","1":"post","2":"type-post","3":"status-publish","4":"format-standard","5":"has-post-thumbnail","7":"category-dresden","8":"tag-de","9":"tag-deutschland","10":"tag-dresden","11":"tag-firmenleben-firmen-in-not","12":"tag-germany","13":"tag-sachsen"},"share_on_mastodon":{"url":"https:\/\/pubeurope.com\/@de\/114942899967931939","error":""},"_links":{"self":[{"href":"https:\/\/www.europesays.com\/de\/wp-json\/wp\/v2\/posts\/305917","targetHints":{"allow":["GET"]}}],"collection":[{"href":"https:\/\/www.europesays.com\/de\/wp-json\/wp\/v2\/posts"}],"about":[{"href":"https:\/\/www.europesays.com\/de\/wp-json\/wp\/v2\/types\/post"}],"author":[{"embeddable":true,"href":"https:\/\/www.europesays.com\/de\/wp-json\/wp\/v2\/users\/2"}],"replies":[{"embeddable":true,"href":"https:\/\/www.europesays.com\/de\/wp-json\/wp\/v2\/comments?post=305917"}],"version-history":[{"count":0,"href":"https:\/\/www.europesays.com\/de\/wp-json\/wp\/v2\/posts\/305917\/revisions"}],"wp:featuredmedia":[{"embeddable":true,"href":"https:\/\/www.europesays.com\/de\/wp-json\/wp\/v2\/media\/305918"}],"wp:attachment":[{"href":"https:\/\/www.europesays.com\/de\/wp-json\/wp\/v2\/media?parent=305917"}],"wp:term":[{"taxonomy":"category","embeddable":true,"href":"https:\/\/www.europesays.com\/de\/wp-json\/wp\/v2\/categories?post=305917"},{"taxonomy":"post_tag","embeddable":true,"href":"https:\/\/www.europesays.com\/de\/wp-json\/wp\/v2\/tags?post=305917"}],"curies":[{"name":"wp","href":"https:\/\/api.w.org\/{rel}","templated":true}]}}