{"id":305951,"date":"2025-07-30T15:47:11","date_gmt":"2025-07-30T15:47:11","guid":{"rendered":"https:\/\/www.europesays.com\/de\/305951\/"},"modified":"2025-07-30T15:47:11","modified_gmt":"2025-07-30T15:47:11","slug":"droht-dem-sozialen-wohnungsbau-in-muenchen-das-aus-muenchen","status":"publish","type":"post","link":"https:\/\/www.europesays.com\/de\/305951\/","title":{"rendered":"Droht dem sozialen Wohnungsbau in M\u00fcnchen das Aus? &#8211; M\u00fcnchen"},"content":{"rendered":"<p data-manual=\"teaserText\" data-schema-org-speakable=\"true\">Weil die Stadt sparen muss, ist unklar, wie es mit der F\u00f6rderung von g\u00fcnstigen Wohnungen weitergeht. Welche Projekte nun gef\u00e4hrdet sind.<\/p>\n<p data-manual=\"paragraph\" data-schema-org-speakable=\"true\" class=\"css-4bdi0k\">Wie viel sozialen Wohnungsbau kann <a href=\"https:\/\/www.sueddeutsche.de\/thema\/M%C3%BCnchen\" rel=\"nofollow noopener\" target=\"_blank\">M\u00fcnchen<\/a> sich k\u00fcnftig noch leisten? Die Stadtbaur\u00e4tin Elisabeth Merk warnt vor einem kompletten Aus f\u00fcr den Neubau von gef\u00f6rderten Wohnungen \u2013 und das in der Stadt, die schon mit Abstand die teuersten Mieten in Deutschland hat. So weit soll es aus Sicht des Stadtrats auf keinen Fall kommen. Aber es besteht die Gefahr, dass im Neubau k\u00fcnftig weniger <a href=\"https:\/\/www.sueddeutsche.de\/thema\/Bezahlbarer_Wohnraum\" rel=\"nofollow noopener\" target=\"_blank\">bezahlbarer Wohnraum<\/a> entsteht \u2013 weil nicht mehr genug Geld f\u00fcr die F\u00f6rderung da ist. Das zeichnet sich im Zuge der aktuellen Sparbem\u00fchungen f\u00fcr den st\u00e4dtischen Haushalt ab.<\/p>\n","protected":false},"excerpt":{"rendered":"Weil die Stadt sparen muss, ist unklar, wie es mit der F\u00f6rderung von g\u00fcnstigen Wohnungen weitergeht. Welche Projekte&hellip;\n","protected":false},"author":2,"featured_media":305952,"comment_status":"","ping_status":"","sticky":false,"template":"","format":"standard","meta":{"footnotes":""},"categories":[1827],"tags":[772,5910,5911,29,30,5732,5726,1268,3661,57934,5729,5909,149,5727],"class_list":{"0":"post-305951","1":"post","2":"type-post","3":"status-publish","4":"format-standard","5":"has-post-thumbnail","7":"category-muenchen","8":"tag-bayern","9":"tag-bezahlbarer-wohnraum","10":"tag-bezahlbares-wohnen","11":"tag-deutschland","12":"tag-germany","13":"tag-immobilien-und-wohnen","14":"tag-immobilien-und-wohnen-in-muenchen","15":"tag-muenchen","16":"tag-politik-muenchen","17":"tag-sobon","18":"tag-sozialer-wohnungsbau","19":"tag-stadtrat-muenchen","20":"tag-sueddeutsche-zeitung","21":"tag-wohnungspolitik"},"share_on_mastodon":{"url":"https:\/\/pubeurope.com\/@de\/114942970707506991","error":""},"_links":{"self":[{"href":"https:\/\/www.europesays.com\/de\/wp-json\/wp\/v2\/posts\/305951","targetHints":{"allow":["GET"]}}],"collection":[{"href":"https:\/\/www.europesays.com\/de\/wp-json\/wp\/v2\/posts"}],"about":[{"href":"https:\/\/www.europesays.com\/de\/wp-json\/wp\/v2\/types\/post"}],"author":[{"embeddable":true,"href":"https:\/\/www.europesays.com\/de\/wp-json\/wp\/v2\/users\/2"}],"replies":[{"embeddable":true,"href":"https:\/\/www.europesays.com\/de\/wp-json\/wp\/v2\/comments?post=305951"}],"version-history":[{"count":0,"href":"https:\/\/www.europesays.com\/de\/wp-json\/wp\/v2\/posts\/305951\/revisions"}],"wp:featuredmedia":[{"embeddable":true,"href":"https:\/\/www.europesays.com\/de\/wp-json\/wp\/v2\/media\/305952"}],"wp:attachment":[{"href":"https:\/\/www.europesays.com\/de\/wp-json\/wp\/v2\/media?parent=305951"}],"wp:term":[{"taxonomy":"category","embeddable":true,"href":"https:\/\/www.europesays.com\/de\/wp-json\/wp\/v2\/categories?post=305951"},{"taxonomy":"post_tag","embeddable":true,"href":"https:\/\/www.europesays.com\/de\/wp-json\/wp\/v2\/tags?post=305951"}],"curies":[{"name":"wp","href":"https:\/\/api.w.org\/{rel}","templated":true}]}}