{"id":305999,"date":"2025-07-30T16:13:11","date_gmt":"2025-07-30T16:13:11","guid":{"rendered":"https:\/\/www.europesays.com\/de\/305999\/"},"modified":"2025-07-30T16:13:11","modified_gmt":"2025-07-30T16:13:11","slug":"rolf-fischer-ueber-die-architektur-in-kiel","status":"publish","type":"post","link":"https:\/\/www.europesays.com\/de\/305999\/","title":{"rendered":"Rolf Fischer \u00fcber die Architektur in Kiel"},"content":{"rendered":"<p class=\"Textstyled__Text-sc-1cqv9mi-0 cLyiiX\">Kiel. Sie will die Faszination der Kieler Geschichte darstellen, historische Forschung intensivieren und ein Bewusstsein f\u00fcr die Kieler Identit\u00e4t erzeugen: Die Gesellschaft f\u00fcr Kieler Stadtgeschichte feiert ihr 150-j\u00e4hriges Bestehen. Zum Jubil\u00e4um pr\u00e4sentiert sich der 1400 Mitglieder starke Verein mit einer Ausstellung im Pop-up-Pavillon am Alten Markt. Im Interview erkl\u00e4rt der Gesellschafts-Vorsitzende Rolf Fischer, warum die Kieler Stadtgeschichte einzigartig ist, sagt, was er bei der Umgestaltung der Holstenstra\u00dfe anders machen w\u00fcrde und \u00e4u\u00dfert einen Wunsch f\u00fcr die Zukunft des Schlosses.<\/p>\n<p>Weiterlesen nach der Anzeige<\/p>\n<p>Weiterlesen nach der Anzeige<\/p>\n<p class=\"Textstyled__Text-sc-1cqv9mi-0 cLyiiX\"><b>Herr Fischer, Ihre Jubil\u00e4umsausstellung findet am Alten Markt statt \u2013 dem Herzen von Kiel. Hier wurde die Stadt gegr\u00fcndet. Wie beurteilen Sie den Platz aus heutiger Sicht?<\/b><\/p>\n<p class=\"Textstyled__Text-sc-1cqv9mi-0 cLyiiX\">Rolf Fischer: Ich habe ein gespaltenes Verh\u00e4ltnis zu <a href=\"https:\/\/www.kn-online.de\/lokales\/kiel\/pavillons-am-alten-markt-in-kiel-das-sind-die-plaene-in-der-altstadt-RGKP5RMRL5FQ7AGUA256SJIINY.html\" target=\"_self\" rel=\"nofollow noopener\" title=\"https:\/\/www.kn-online.de\/lokales\/kiel\/pavillons-am-alten-markt-in-kiel-das-sind-die-plaene-in-der-altstadt-RGKP5RMRL5FQ7AGUA256SJIINY.html\" data-vars-event-category=\"intext_link\" data-vars-event-action=\"click\" data-vars-event-label=\"https:\/\/www.kn-online.de\/lokales\/kiel\/pavillons-am-alten-markt-in-kiel-das-sind-die-plaene-in-der-altstadt-RGKP5RMRL5FQ7AGUA256SJIINY.html\">dem Platz und den Pavillons<\/a>. Sie stehen f\u00fcr mich f\u00fcr Kommerz. Kommerz ist nicht verwerflich, f\u00fcr eine Stadtmitte ist mir das aber zu wenig. Hier sollte ein Ort sein f\u00fcr Austausch, Gespr\u00e4che, an dem man sich mit der Historie von Kiel auseinandersetzen kann. Das fehlt mir hier. Der Alte Markt braucht mehr Aufenthaltsqualit\u00e4t, Sitzpl\u00e4tze au\u00dferhalb der Gastronomie.<\/p>\n<blockquote><p>Kiel kann sich nicht mit L\u00fcbeck vergleichen. Die Geschichte einer Stadt aber nur auf die Architektur zu reduzieren, ist der falsche Ansatz. <\/p><\/blockquote>\n<p class=\"Quotestyled__Author-sc-q277fq-1 hfNZxo\">Rolf Fischer<\/p>\n<p class=\"Quotestyled__AuthorDescription-sc-q277fq-2 kncpVQ\">Gesellschaft f\u00fcr Kieler Stadtgeschichte<\/p>\n<p>Weiterlesen nach der Anzeige<\/p>\n<p>Weiterlesen nach der Anzeige<\/p>\n<p class=\"Textstyled__Text-sc-1cqv9mi-0 cLyiiX\"> <b>Der Alte Markt ist gleichzeitig das Eingangstor zur Altstadt, die viele Menschen \u2013 egal ob Einheimische oder Touristen \u2013 kaum als solche bezeichnen w\u00fcrden. W\u00fcrden Sie dem widersprechen? Hat Kiel eine Altstadt? <\/b><\/p>\n<p class=\"Textstyled__Text-sc-1cqv9mi-0 cLyiiX\">Architektonisch ist Kiel ein schwieriges Feld. Im Krieg wurde die Stadt stark zerst\u00f6rt und anders wieder aufgebaut. Kiel kann sich daher nicht mit L\u00fcbeck vergleichen. Die Geschichte einer Stadt aber nur auf die Architektur zu reduzieren, ist der falsche Ansatz. Aus historischer Sicht ist Kiel sehr attraktiv, auch wenn man es ihm baulich nicht unbedingt ansieht.<\/p>\n<p>Stadtgeschichte von Kiel: Warum das Schloss so eine bedeutende Rolle spielt<\/p>\n<p class=\"Textstyled__Text-sc-1cqv9mi-0 cLyiiX\"><b>Was fasziniert Sie an der Historie von Kiel so sehr?<\/b><\/p>\n<p class=\"Textstyled__Text-sc-1cqv9mi-0 cLyiiX\">Die Vielfalt. Die maritime Geschichte mit dem Hafen und der Lage an der F\u00f6rde ist ein ganz spannendes Kapitel. Kiel hat aber auch einen gro\u00dfen Anteil an der Geschichte von Schleswig-Holstein und D\u00e4nemark. Schauen Sie sich nur das Schloss an. Es war Residenz der d\u00e4nischen K\u00f6nige und der Herz\u00f6ge von Schleswig-Holstein-Gottorf. Es gibt kaum einen Ort, der die Geschichte von Schleswig-Holstein und Kiel so sehr widerspiegelt wie das Schloss. <\/p>\n<p class=\"Textstyled__Text-sc-1cqv9mi-0 cLyiiX\"><b>Und doch fristet es heute ein eher trauriges, unscheinbares Dasein. Als Schloss ist es nicht zu erkennen. Die Stadt sucht nach neuen Nutzungsm\u00f6glichkeiten. Was w\u00fcrden Sie sich w\u00fcnschen?<\/b><\/p>\n<p>Weiterlesen nach der Anzeige<\/p>\n<p>Weiterlesen nach der Anzeige<\/p>\n<p class=\"Textstyled__Text-sc-1cqv9mi-0 cLyiiX\">Das <a href=\"https:\/\/www.kn-online.de\/lokales\/kiel\/so-soll-das-kieler-schloss-aufgewertet-werden-D3KB75TM27R6X35COVVHFWA5VQ.html\" target=\"_self\" rel=\"nofollow noopener\" title=\"https:\/\/www.kn-online.de\/lokales\/kiel\/so-soll-das-kieler-schloss-aufgewertet-werden-D3KB75TM27R6X35COVVHFWA5VQ.html\" data-vars-event-category=\"intext_link\" data-vars-event-action=\"click\" data-vars-event-label=\"https:\/\/www.kn-online.de\/lokales\/kiel\/so-soll-das-kieler-schloss-aufgewertet-werden-D3KB75TM27R6X35COVVHFWA5VQ.html\">Schloss<\/a> ist eine riesige Chance f\u00fcr die Kieler Stadtentwicklung, die noch nicht erkannt wurde. Denn zu der Zukunft einer Stadt geh\u00f6rt auch, sich mit der Vergangenheit zu befassen. Das ist identit\u00e4tsstiftend. Deshalb braucht Kiel ein gro\u00dfes, stadtgeschichtliches Museum. Das Schloss w\u00e4re perfekt geeignet als ein Ort f\u00fcr Stadtgeschichte. Mit dem Warleberger Hof und dem <a href=\"https:\/\/www.kn-online.de\/lokales\/kiel\/foerderkreis-schifffahrtsmuseum-feiert-jubilaeum-mit-maritimen-fest-in-kiel-7O6DMUZ2TRB47K7GVVY45ZSGKA.html\" target=\"_self\" rel=\"nofollow noopener\" title=\"https:\/\/www.kn-online.de\/lokales\/kiel\/foerderkreis-schifffahrtsmuseum-feiert-jubilaeum-mit-maritimen-fest-in-kiel-7O6DMUZ2TRB47K7GVVY45ZSGKA.html\" data-vars-event-category=\"intext_link\" data-vars-event-action=\"click\" data-vars-event-label=\"https:\/\/www.kn-online.de\/lokales\/kiel\/foerderkreis-schifffahrtsmuseum-feiert-jubilaeum-mit-maritimen-fest-in-kiel-7O6DMUZ2TRB47K7GVVY45ZSGKA.html\">Schifffahrtsmuseum<\/a> haben wir zwei sehr gute Museen. Aber das sind ehemalige Wohnh\u00e4user, in denen der Platz nicht ausreicht. <\/p>\n<p class=\"Textstyled__Text-sc-1cqv9mi-0 cLyiiX\"><b>Auch die Holstenstra\u00dfe soll umgestaltet werden. Wie bewerten Sie die Pl\u00e4ne mit Blick auf das historische Erbe der Stra\u00dfe? <\/b><\/p>\n<p class=\"Textstyled__Text-sc-1cqv9mi-0 cLyiiX\">Gerade in der historischen Mitte der Stadt sollte bei Bauma\u00dfnahmen die Vergangenheit ber\u00fccksichtigt werden. Hier sind viele Beteiligte gefordert: Die Stadt, Immobilieneigent\u00fcmer, aber auch Gesch\u00e4ftsleute k\u00f6nnen dazu beitragen, die Historie aufleben zu lassen. Bei den <a href=\"https:\/\/www.kn-online.de\/lokales\/kiel\/umgestaltung-der-holstenstrasse-in-kiel-weitere-bauarbeiten-GNIMGGRQUFFKVFTZW4ARX4WG4M.html\" target=\"_self\" rel=\"nofollow noopener\" title=\"https:\/\/www.kn-online.de\/lokales\/kiel\/umgestaltung-der-holstenstrasse-in-kiel-weitere-bauarbeiten-GNIMGGRQUFFKVFTZW4ARX4WG4M.html\" data-vars-event-category=\"intext_link\" data-vars-event-action=\"click\" data-vars-event-label=\"https:\/\/www.kn-online.de\/lokales\/kiel\/umgestaltung-der-holstenstrasse-in-kiel-weitere-bauarbeiten-GNIMGGRQUFFKVFTZW4ARX4WG4M.html\">Pl\u00e4nen zur Holstenstra\u00dfe<\/a> vermisse ich eine historische Einbindung. Vorstellbar w\u00e4ren beispielsweise Info-Stelen. Das Problem: Wenn einmal geplant ist, wird nichts mehr ge\u00e4ndert. Denn das kostet Geld. Investitionen in die kulturelle Geschichte kommen zu kurz. <\/p>\n<p class=\"Textstyled__Text-sc-1cqv9mi-0 cLyiiX\">Interview: Steffen M\u00fcller<\/p>\n<p class=\"Textstyled__Text-sc-1cqv9mi-0 cLyiiX\"><b>Die Jubil\u00e4umsausstellung der Gesellschaft f\u00fcr Kieler Stadtgeschichte <\/b>im Pop-up-Pavillon am Alten Markt hat bis zum 16. August montags bis samstags von 11 bis 18 Uhr ge\u00f6ffnet. Der Eintritt ist frei. Neben Fotos und Beteiligungsformaten gibt es t\u00e4glich Gespr\u00e4chsrunden, Vortr\u00e4ge oder Lesungen. Das komplette Programm ist online abrufbar unter www.kieler-stadtgeschichte.de. <\/p>\n<p class=\"Editorialstyled__Editorial-sc-5u8rgl-0 cBUuy\">KN<\/p>\n","protected":false},"excerpt":{"rendered":"Kiel. Sie will die Faszination der Kieler Geschichte darstellen, historische Forschung intensivieren und ein Bewusstsein f\u00fcr die Kieler&hellip;\n","protected":false},"author":2,"featured_media":306000,"comment_status":"","ping_status":"","sticky":false,"template":"","format":"standard","meta":{"footnotes":""},"categories":[1852],"tags":[3364,29,548,663,3934,30,13,4949,14,15,12,1971],"class_list":{"0":"post-305999","1":"post","2":"type-post","3":"status-publish","4":"format-standard","5":"has-post-thumbnail","7":"category-kiel","8":"tag-de","9":"tag-deutschland","10":"tag-eu","11":"tag-europa","12":"tag-europe","13":"tag-germany","14":"tag-headlines","15":"tag-kiel","16":"tag-nachrichten","17":"tag-news","18":"tag-schlagzeilen","19":"tag-schleswig-holstein"},"share_on_mastodon":{"url":"https:\/\/pubeurope.com\/@de\/114943072974966937","error":""},"_links":{"self":[{"href":"https:\/\/www.europesays.com\/de\/wp-json\/wp\/v2\/posts\/305999","targetHints":{"allow":["GET"]}}],"collection":[{"href":"https:\/\/www.europesays.com\/de\/wp-json\/wp\/v2\/posts"}],"about":[{"href":"https:\/\/www.europesays.com\/de\/wp-json\/wp\/v2\/types\/post"}],"author":[{"embeddable":true,"href":"https:\/\/www.europesays.com\/de\/wp-json\/wp\/v2\/users\/2"}],"replies":[{"embeddable":true,"href":"https:\/\/www.europesays.com\/de\/wp-json\/wp\/v2\/comments?post=305999"}],"version-history":[{"count":0,"href":"https:\/\/www.europesays.com\/de\/wp-json\/wp\/v2\/posts\/305999\/revisions"}],"wp:featuredmedia":[{"embeddable":true,"href":"https:\/\/www.europesays.com\/de\/wp-json\/wp\/v2\/media\/306000"}],"wp:attachment":[{"href":"https:\/\/www.europesays.com\/de\/wp-json\/wp\/v2\/media?parent=305999"}],"wp:term":[{"taxonomy":"category","embeddable":true,"href":"https:\/\/www.europesays.com\/de\/wp-json\/wp\/v2\/categories?post=305999"},{"taxonomy":"post_tag","embeddable":true,"href":"https:\/\/www.europesays.com\/de\/wp-json\/wp\/v2\/tags?post=305999"}],"curies":[{"name":"wp","href":"https:\/\/api.w.org\/{rel}","templated":true}]}}