{"id":306082,"date":"2025-07-30T16:58:11","date_gmt":"2025-07-30T16:58:11","guid":{"rendered":"https:\/\/www.europesays.com\/de\/306082\/"},"modified":"2025-07-30T16:58:11","modified_gmt":"2025-07-30T16:58:11","slug":"lok-leipzig-torwart-schock-lange-pause-nach-operation-sport","status":"publish","type":"post","link":"https:\/\/www.europesays.com\/de\/306082\/","title":{"rendered":"Lok Leipzig: Torwart-Schock! Lange Pause nach Operation | Sport"},"content":{"rendered":"<p><b>Das ist ein ziemlicher Schock so fr\u00fch in dieser Saison.<\/b><\/p>\n<p>Vorm Spiel gegen die VSG Altglienicke (Freitag, 19 Uhr) muss Regionalliga-Meister <a href=\"https:\/\/www.bild.de\/sport\/fussball\/lok-leipzig\/home-80643548.bild.html\" class=\"text-link\" rel=\"nofollow noopener\" target=\"_blank\">Lok Leipzig<\/a> den ersten ernsthaften Ausfall verkraften. Torwart Niclas M\u00fcller musste an der H\u00fcfte operiert werden und f\u00e4llt drei bis vier Monate aus. Wie bitter!<\/p>\n<p>Sportchef Toni Wachsmuth erkl\u00e4rt: \u201eSeine H\u00fcftverletzung war schwerwiegender. Ein H\u00fcftmuskel war abgerissen. Er wurde bereits erfolgreich operiert.\u201c M\u00fcller hatte sich die Verletzung zum Ende der Vorbereitung zugezogen und fehlte bereits beim 1:1 zum Auftakt in Zwickau. Da war die Hoffnung auf eine baldige R\u00fcckkehr noch gro\u00df.<\/p>\n<p>Lok Leipzig: Torwart Niclas M\u00fcller f\u00e4llt mindestens drei Monate aus<\/p>\n<p>Mit Hugo Eichler wird am Freitag ein Talent aus der A-Jugend auf der Bank sitzen. Klar ist, dass das auf Dauer nicht reichen wird, falls der Nummer\u00a01, Andreas Naumann, auch etwas passiert. Deshalb schaut man sich nun erneut auf dem Transfermarkt um.<\/p>\n<p>Mehr zum Thema<\/p>\n<p><a href=\"https:\/\/www.bild.de\/sport\/fussball\/lok-leipzig-wechsel-mit-frust-seitz-holt-spieler-von-ex-klub-685c00c3a88b2e4c192ca9f7\" class=\"text-link\" rel=\"nofollow noopener\" target=\"_blank\">Trainer Jochen Seitz<\/a>: \u201eMit so einer langen Ausfallzeit haben wir nicht gerechnet. Ich habe bereits mit Niclas geschrieben, er hat die OP gut \u00fcberstanden. Nun ist Toni gefordert, um zu sehen, welche Torh\u00fcter noch auf dem Markt sind. Klar ist, dass wir eine Nummer 2 hinter Andreas Naumann suchen.\u201c<\/p>\n<p>Haar-Show geht viral: Die schlimmsten Frisuren der Fu\u00dfball-Stars<a href=\"https:\/\/www.bild.de\/sport\/fussball\/frisuren-wie-legenden-so-lustig-sehen-champions-aus-6888c85a334c891564d64341\" class=\"anchor\" rel=\"nofollow noopener\" target=\"_blank\"><img decoding=\"async\" width=\"992\" height=\"558\" alt=\"Frisuren wie Legenden: So lustig sehen Champions aus\" src=\"https:\/\/www.europesays.com\/de\/wp-content\/uploads\/2025\/07\/3df055bb453ff45c0c1d0fc136db304e-landscape,7c18ab04\"   class=\"landscape teaser__image\" loading=\"lazy\"\/><\/a><\/p>\n<p>Quelle: SportDigital29.07.2025<\/p>\n","protected":false},"excerpt":{"rendered":"Das ist ein ziemlicher Schock so fr\u00fch in dieser Saison. Vorm Spiel gegen die VSG Altglienicke (Freitag, 19&hellip;\n","protected":false},"author":2,"featured_media":306083,"comment_status":"","ping_status":"","sticky":false,"template":"","format":"standard","meta":{"footnotes":""},"categories":[1832],"tags":[3364,29,30,71,3457,3459,3458,859,8112,4580,3460,45],"class_list":{"0":"post-306082","1":"post","2":"type-post","3":"status-publish","4":"format-standard","5":"has-post-thumbnail","7":"category-leipzig","8":"tag-de","9":"tag-deutschland","10":"tag-germany","11":"tag-leipzig","12":"tag-lok-leipzig","13":"tag-regionalliga","14":"tag-regionalliga-nordost","15":"tag-sachsen","16":"tag-sachsenpokal","17":"tag-schmidt-andre","18":"tag-sport-leuchtturm-leipzig","19":"tag-texttospeech"},"share_on_mastodon":{"url":"https:\/\/pubeurope.com\/@de\/114943250312820091","error":""},"_links":{"self":[{"href":"https:\/\/www.europesays.com\/de\/wp-json\/wp\/v2\/posts\/306082","targetHints":{"allow":["GET"]}}],"collection":[{"href":"https:\/\/www.europesays.com\/de\/wp-json\/wp\/v2\/posts"}],"about":[{"href":"https:\/\/www.europesays.com\/de\/wp-json\/wp\/v2\/types\/post"}],"author":[{"embeddable":true,"href":"https:\/\/www.europesays.com\/de\/wp-json\/wp\/v2\/users\/2"}],"replies":[{"embeddable":true,"href":"https:\/\/www.europesays.com\/de\/wp-json\/wp\/v2\/comments?post=306082"}],"version-history":[{"count":0,"href":"https:\/\/www.europesays.com\/de\/wp-json\/wp\/v2\/posts\/306082\/revisions"}],"wp:featuredmedia":[{"embeddable":true,"href":"https:\/\/www.europesays.com\/de\/wp-json\/wp\/v2\/media\/306083"}],"wp:attachment":[{"href":"https:\/\/www.europesays.com\/de\/wp-json\/wp\/v2\/media?parent=306082"}],"wp:term":[{"taxonomy":"category","embeddable":true,"href":"https:\/\/www.europesays.com\/de\/wp-json\/wp\/v2\/categories?post=306082"},{"taxonomy":"post_tag","embeddable":true,"href":"https:\/\/www.europesays.com\/de\/wp-json\/wp\/v2\/tags?post=306082"}],"curies":[{"name":"wp","href":"https:\/\/api.w.org\/{rel}","templated":true}]}}