{"id":306968,"date":"2025-07-31T01:07:20","date_gmt":"2025-07-31T01:07:20","guid":{"rendered":"https:\/\/www.europesays.com\/de\/306968\/"},"modified":"2025-07-31T01:07:20","modified_gmt":"2025-07-31T01:07:20","slug":"markkleeberg-jugendliche-beim-bespruehen-von-s-bahn-erwischt-regional","status":"publish","type":"post","link":"https:\/\/www.europesays.com\/de\/306968\/","title":{"rendered":"Markkleeberg: Jugendliche beim Bespr\u00fchen von S-Bahn erwischt | Regional"},"content":{"rendered":"<p>Leipzig \u2013 <b>Die Bundespolizei hat zwei Jugendliche beim Bespr\u00fchen einer S-Bahn in Markkleeberg-Gaschwitz erwischt.<\/b><\/p>\n<p>Gegen 02.30 Uhr bemerkten die Beamten eine vierk\u00f6pfige Gruppe auf den Gleisen. Als sie eingreifen wollten, ergriffen die Personen die Flucht. Zwei der Jugendlichen wurden schnell gefasst.<\/p>\n<p>Auch interessant<\/p>\n<p>Anzeige<\/p>\n<p>Auch interessant<\/p>\n<p>Anzeige<\/p>\n<p>Der Grund f\u00fcr die Flucht: ein frisches Graffiti auf 25 Quadratmetern an einer abgestellten S-Bahn. Die beiden 17-J\u00e4hrigen hatten noch Farbreste an den H\u00e4nden.<\/p>\n<p>Gegen die Minderj\u00e4hrigen wurde ein Strafverfahren wegen Sachbesch\u00e4digung eingeleitet. Au\u00dferdem m\u00fcssen sie mit einer Rechnung der Deutschen Bahn AG f\u00fcr die Reinigungskosten rechnen. Nach Abschluss der polizeilichen Ma\u00dfnahmen wurden sie in die Obhut ihrer Erziehungsberechtigten \u00fcbergeben.<\/p>\n<p>Dieser Text basiert auf einer offiziellen Beh\u00f6rden-Information und wurde mit Hilfe von KI erstellt.<\/p>\n","protected":false},"excerpt":{"rendered":"Leipzig \u2013 Die Bundespolizei hat zwei Jugendliche beim Bespr\u00fchen einer S-Bahn in Markkleeberg-Gaschwitz erwischt. Gegen 02.30 Uhr bemerkten&hellip;\n","protected":false},"author":2,"featured_media":233611,"comment_status":"","ping_status":"","sticky":false,"template":"","format":"standard","meta":{"footnotes":""},"categories":[1832],"tags":[3364,29,30,2509,71,121,859,45,9026,1995],"class_list":{"0":"post-306968","1":"post","2":"type-post","3":"status-publish","4":"format-standard","5":"has-post-thumbnail","7":"category-leipzig","8":"tag-de","9":"tag-deutschland","10":"tag-germany","11":"tag-ki-ots","12":"tag-leipzig","13":"tag-polizei","14":"tag-sachsen","15":"tag-texttospeech","16":"tag-vandalismus","17":"tag-verbrechen"},"share_on_mastodon":{"url":"https:\/\/pubeurope.com\/@de\/114945172724587472","error":""},"_links":{"self":[{"href":"https:\/\/www.europesays.com\/de\/wp-json\/wp\/v2\/posts\/306968","targetHints":{"allow":["GET"]}}],"collection":[{"href":"https:\/\/www.europesays.com\/de\/wp-json\/wp\/v2\/posts"}],"about":[{"href":"https:\/\/www.europesays.com\/de\/wp-json\/wp\/v2\/types\/post"}],"author":[{"embeddable":true,"href":"https:\/\/www.europesays.com\/de\/wp-json\/wp\/v2\/users\/2"}],"replies":[{"embeddable":true,"href":"https:\/\/www.europesays.com\/de\/wp-json\/wp\/v2\/comments?post=306968"}],"version-history":[{"count":0,"href":"https:\/\/www.europesays.com\/de\/wp-json\/wp\/v2\/posts\/306968\/revisions"}],"wp:featuredmedia":[{"embeddable":true,"href":"https:\/\/www.europesays.com\/de\/wp-json\/wp\/v2\/media\/233611"}],"wp:attachment":[{"href":"https:\/\/www.europesays.com\/de\/wp-json\/wp\/v2\/media?parent=306968"}],"wp:term":[{"taxonomy":"category","embeddable":true,"href":"https:\/\/www.europesays.com\/de\/wp-json\/wp\/v2\/categories?post=306968"},{"taxonomy":"post_tag","embeddable":true,"href":"https:\/\/www.europesays.com\/de\/wp-json\/wp\/v2\/tags?post=306968"}],"curies":[{"name":"wp","href":"https:\/\/api.w.org\/{rel}","templated":true}]}}