{"id":307021,"date":"2025-07-31T01:38:13","date_gmt":"2025-07-31T01:38:13","guid":{"rendered":"https:\/\/www.europesays.com\/de\/307021\/"},"modified":"2025-07-31T01:38:13","modified_gmt":"2025-07-31T01:38:13","slug":"trump-greift-gegen-iranisches-schiffsimperium-durch","status":"publish","type":"post","link":"https:\/\/www.europesays.com\/de\/307021\/","title":{"rendered":"Trump greift gegen iranisches Schiffsimperium durch"},"content":{"rendered":"<p>Kamala Harris beendet Spekulation um Kandidatur<\/p>\n<p class=\"text-18 leading-17\">Die ehemalige US-Vizepr\u00e4sidentin und demokratische Pr\u00e4sidentschaftskandidatin von 2024, Kamala Harris, hat am Mittwoch bekanntgegeben, dass sie nicht f\u00fcr das Amt der Gouverneurin von Kalifornien kandidieren wird. Die <a class=\"transition-colors duration-200 cursor-pointer text-inherit no-underline text-salemsfur md:hover:text-magenta md:hover:border-magenta md:focus:text-magenta border-current border-b border-solid break-words\" href=\"https:\/\/www.t-online.de\/nachrichten\/ausland\/usa\/id_100845932\/kamala-harris-keine-kandidatur-als-kaliforniens-gouverneurin.html\" data-sctrack=\"BodyAnchor\" target=\"_blank\" rel=\"noopener\">Entscheidung von Harris beendet monatelange Spekulationen<\/a> dar\u00fcber, ob sie ins Rennen um die F\u00fchrung des bev\u00f6lkerungsreichsten Bundesstaates der USA einsteigen w\u00fcrde.<\/p>\n<p class=\"text-18 leading-17\">&#8222;Nach reiflicher \u00dcberlegung habe ich beschlossen, bei dieser Wahl nicht f\u00fcr das Amt des Gouverneurs zu kandidieren&#8220;, erkl\u00e4rte Harris in einer Stellungnahme. Harris, die zuvor als Generalstaatsanw\u00e4ltin von Kalifornien und US-Senatorin t\u00e4tig war, gab nur wenige Details zu ihren Zukunftspl\u00e4nen bekannt, versprach jedoch, &#8222;in den kommenden Monaten&#8220; mehr dar\u00fcber mitzuteilen.<\/p>\n<p class=\"text-18 leading-17\">&#8222;Vorerst werde ich meine F\u00fchrungsrolle \u2013 und meinen \u00f6ffentlichen Dienst \u2013 nicht in einem gew\u00e4hlten Amt aus\u00fcben&#8220;, sagte sie und lie\u00df damit die T\u00fcr f\u00fcr eine zuk\u00fcnftige Pr\u00e4sidentschaftskandidatur offen. &#8222;Ich freue mich darauf, wieder hinauszugehen und den Menschen in Amerika zuzuh\u00f6ren, dabei zu helfen, Demokraten im ganzen Land zu w\u00e4hlen, die furchtlos k\u00e4mpfen werden, und in den kommenden Monaten mehr Details \u00fcber meine eigenen Pl\u00e4ne zu teilen.&#8220;<\/p>\n<p><a href=\"#focus-1\" class=\"transition-colors duration-200 focus-within:text-magenta block text-current relative\" data-sctrack=\"FocusGalleryImage.Reference\"><img   loading=\"lazy\" src=\"https:\/\/www.europesays.com\/de\/wp-content\/uploads\/2025\/07\/1753925891_773_image.jpg\" alt=\"491698538\" title=\"491698538\" width=\"3776\" height=\"2124\" class=\"h-full w-full max-w-full rounded-8\" decoding=\"async\"\/><img style=\"--width:32;--height:32\" loading=\"lazy\" src=\"https:\/\/www.t-online.de\/s\/paper\/_next\/static\/media\/zoom-in.f7dae02f.svg\" alt=\"Vergr\u00f6\u00dfern des Bildes\" title=\"Vergr\u00f6\u00dfern des Bildes\" class=\"block h-[calc(var(--height)_\/_16_*_1rem)] w-[calc(var(--width)_\/_16_*_1rem)] max-w-none absolute bottom-8 right-8 rounded-4 bg-snow p-8\" decoding=\"async\"\/>Kamala Harris (Archivbild): Sie verlor die Pr\u00e4sidentschaftswahl 2024 gegen Donald Trump. (Quelle: AP Photo\/Jacquelyn Martin)<\/a><\/p>\n<p class=\"text-18 leading-17\">Ungeachtet der vehementen Forderungen von US-Pr\u00e4sident Donald Trump nach Zinssenkungen h\u00e4lt die US-Notenbank den Leitzins stabil. Die Spanne liegt weiter zwischen 4,25 und 4,5 Prozent, wie der Zentralbankrat der Federal Reserve (Fed) in Washington mitteilte. <a class=\"transition-colors duration-200 cursor-pointer text-inherit no-underline text-salemsfur md:hover:text-magenta md:hover:border-magenta md:focus:text-magenta border-current border-b border-solid break-words\" href=\"https:\/\/www.t-online.de\/nachrichten\/ausland\/usa\/id_100845886\/leitzins-stabil-fed-trotzt-trumps-druck-auf-zinssenkung.html\" data-sctrack=\"BodyAnchor\" target=\"_blank\" rel=\"noopener\">Mehr dazu lesen Sie hier<\/a>.<\/p>\n<p class=\"text-18 leading-17\">Die US-Wirtschaft ist im zweiten Quartal um 3,0 Prozent gewachsen und hat damit die Erwartungen deutlich \u00fcbertroffen. Das teilte das US-Handelsministerium am Mittwoch mit. Analysten hatten im Schnitt mit einem Anstieg um 2,5 Prozent gerechnet. Im ersten Quartal war die weltgr\u00f6\u00dfte Volkswirtschaft noch um 0,5 Prozent geschrumpft. Als wesentliche Treiber des j\u00fcngsten Wachstums gelten ein deutlicher R\u00fcckgang der Importe sowie ein moderater Anstieg des privaten Konsums. <a class=\"transition-colors duration-200 cursor-pointer text-inherit no-underline text-salemsfur md:hover:text-magenta md:hover:border-magenta md:focus:text-magenta border-current border-b border-solid break-words\" href=\"https:\/\/www.t-online.de\/nachrichten\/ausland\/usa\/id_100845538\/us-wirtschaft-waechst-ueberraschend-stark-durch-sondereffekte-im-handel.html\" data-sctrack=\"BodyAnchor\" target=\"_blank\" rel=\"noopener\">Mehr dazu lesen Sie hier<\/a>.<\/p>\n<p class=\"text-18 leading-17\">Donald Trump hat in einem neuen Beitrag um neue Mitarbeiterinnen und Mitarbeiter f\u00fcr die US-Einwanderungsbeh\u00f6rde ICE geworben. Er erkl\u00e4rte, die Beh\u00f6rde brauche &#8222;mehr mutige M\u00e4nner und Frauen&#8220;, um die USA &#8222;wieder sicherzumachen&#8220; (&#8222;Make America Safe Again&#8220;).<\/p>\n<p><a href=\"#focus-2\" class=\"transition-colors duration-200 focus-within:text-magenta block text-current relative\" data-sctrack=\"FocusGalleryImage.Reference\"><img   loading=\"lazy\" src=\"https:\/\/www.europesays.com\/de\/wp-content\/uploads\/2025\/07\/june-14-2025-los-angeles-california-usa-people-rally-in-downtown-los-angeles-for-the-no-kings-protes.jpeg\" alt=\"imago images 0822270837\" title=\"imago images 0822270837\" width=\"3810\" height=\"2143\" class=\"h-full w-full max-w-full rounded-8\" decoding=\"async\"\/><img style=\"--width:32;--height:32\" loading=\"lazy\" src=\"https:\/\/www.t-online.de\/s\/paper\/_next\/static\/media\/zoom-in.f7dae02f.svg\" alt=\"Vergr\u00f6\u00dfern des Bildes\" title=\"Vergr\u00f6\u00dfern des Bildes\" class=\"block h-[calc(var(--height)_\/_16_*_1rem)] w-[calc(var(--width)_\/_16_*_1rem)] max-w-none absolute bottom-8 right-8 rounded-4 bg-snow p-8\" decoding=\"async\"\/>Proteste gegen Trump und ICE (&#8222;United States Immigration and Customs Enforcement&#8220;): Die Beh\u00f6rde ist stark umstritten. (Quelle: IMAGO\/Brian Cahn\/imago)<\/a><\/p>\n<p class=\"text-18 leading-17\">ICE entferne derzeit &#8222;die schlimmsten Kriminellen&#8220; \u2013 darunter Terroristen, M\u00f6rder und Menschenh\u00e4ndler \u2013 aus dem Land, so Trump. In seinem Beitrag lobte er die Arbeit der Beh\u00f6rde und betonte, man werde sich &#8222;gro\u00dfartig&#8220; um jene k\u00fcmmern, die sich ihr anschlie\u00dfen. Trump nutzte die Gelegenheit zudem f\u00fcr scharfe Kritik am fr\u00fcheren US-Pr\u00e4sidenten Joe Biden, dem er \u2013 wieder einmal \u2013 vorwarf, gef\u00e4hrliche Kriminelle ins Land gelassen zu haben. Belege f\u00fcr seine Behauptungen legte Trump indes nicht vor. Der Republikaner teilte zudem einen Link zur offiziellen Webseite von ICE, auf der neue Mitarbeitende rekrutiert werden.<\/p>\n<p class=\"text-18 leading-17\">Menschenrechtsorganisationen werfen der Beh\u00f6rde harte und zum Teil rechtswidrige Methoden vor: So ger\u00e4t ICE immer wieder wegen umstrittener Abschiebungen, Trennungen von Familien und schlechter Bedingungen in Abschiebezentren in die Schlagzeilen. Kritiker bem\u00e4ngeln zudem, dass die Beh\u00f6rde Minderj\u00e4hrige und Asylsuchende ohne ausreichende rechtliche Verfahren festhalte und abschiebe.<\/p>\n<p><a href=\"#focus-3\" class=\"transition-colors duration-200 focus-within:text-magenta block text-current relative\" data-sctrack=\"FocusGalleryImage.Reference\"><img   loading=\"lazy\" src=\"https:\/\/www.europesays.com\/de\/wp-content\/uploads\/2025\/07\/ein-ice-agent-in-new-york-city.jpg\" alt=\"Ein ICE-Agent in New York City.\" title=\"Ein ICE-Agent in New York City.\" width=\"4000\" height=\"2250\" class=\"h-full w-full max-w-full rounded-8\" decoding=\"async\"\/><img style=\"--width:32;--height:32\" loading=\"lazy\" src=\"https:\/\/www.t-online.de\/s\/paper\/_next\/static\/media\/zoom-in.f7dae02f.svg\" alt=\"Vergr\u00f6\u00dfern des Bildes\" title=\"Vergr\u00f6\u00dfern des Bildes\" class=\"block h-[calc(var(--height)_\/_16_*_1rem)] w-[calc(var(--width)_\/_16_*_1rem)] max-w-none absolute bottom-8 right-8 rounded-4 bg-snow p-8\" decoding=\"async\"\/>Ein ICE-Agent in New York City. (Quelle: IMAGO\/Andrea Renault)<\/a><\/p>\n<p class=\"text-18 leading-17\">US-Pr\u00e4sident Donald Trump hat seine Teilnahme am G20-Gipfel in S\u00fcdafrika im November infrage gestellt. &#8222;Vielleicht schicke ich jemand anderen, denn ich habe viele Probleme mit S\u00fcdafrika. Sie machen eine sehr schlechte Politik&#8220;, sagte Trump am Dienstag zu Reportern an Bord der Air Force One. Hintergrund sind die s\u00fcdafrikanische Landreform sowie die Klage des Landes vor dem Internationalen Gerichtshof, in der es Israel V\u00f6lkermord im Gaza-Krieg vorwirft.<\/p>\n<p class=\"text-18 leading-17\">Im Mai konfrontierte Trump den s\u00fcdafrikanischen Pr\u00e4sidenten Cyril Ramaphosa bei einem Treffen im Wei\u00dfen Haus mit falschen Behauptungen \u00fcber einen V\u00f6lkermord an Wei\u00dfen und Landenteignungen. Trump hatte im Februar per Dekret die US-Finanzhilfen f\u00fcr S\u00fcdafrika gek\u00fcrzt.<\/p>\n<p class=\"text-18 leading-17\">Nach einem schweren Hackerangriff auf die Stadt St. Paul hat der US-Bundesstaat Minnesota die Nationalgarde einberufen. Der Angriff \u00fcbersteige die Kapazit\u00e4ten der Stadt, teilte das B\u00fcro von Gouverneur Tim Walz am Dienstag mit. Die Garde verf\u00fcgt \u00fcber eine spezialisierte Einheit zur Cyberabwehr.<\/p>\n<p><a href=\"#focus-4\" class=\"transition-colors duration-200 focus-within:text-magenta block text-current relative\" data-sctrack=\"FocusGalleryImage.Reference\"><img   loading=\"lazy\" src=\"https:\/\/www.europesays.com\/de\/wp-content\/uploads\/2025\/07\/minnesotas-gouverneur-tim-walz-bei-einer-pressekonferenz-archivbild.jpg\" alt=\"Minnesotas Gouverneur Tim Walz bei einer Pressekonferenz (Archivbild).\" title=\"Minnesotas Gouverneur Tim Walz bei einer Pressekonferenz (Archivbild).\" width=\"3000\" height=\"1687\" class=\"h-full w-full max-w-full rounded-8\" decoding=\"async\"\/><img style=\"--width:32;--height:32\" loading=\"lazy\" src=\"https:\/\/www.t-online.de\/s\/paper\/_next\/static\/media\/zoom-in.f7dae02f.svg\" alt=\"Vergr\u00f6\u00dfern des Bildes\" title=\"Vergr\u00f6\u00dfern des Bildes\" class=\"block h-[calc(var(--height)_\/_16_*_1rem)] w-[calc(var(--width)_\/_16_*_1rem)] max-w-none absolute bottom-8 right-8 rounded-4 bg-snow p-8\" decoding=\"async\"\/>Minnesotas Gouverneur Tim Walz bei einer Pressekonferenz (Archivbild). (Quelle: IMAGO\/Jerry Holt)<\/a><\/p>\n<p class=\"text-18 leading-17\">Zuvor hatte B\u00fcrgermeister Melvin Carter alle IT-Systeme der Stadt herunterfahren lassen, um die Bedrohung einzud\u00e4mmen. Dies f\u00fchrte zu St\u00f6rungen bei st\u00e4dtischen Diensten wie dem WLAN-Netz und in Bibliotheken. Carter bezeichnete dies als notwendigen Schritt zum Schutz wichtiger Daten. Man arbeite mit der Bundespolizei FBI und zwei Unternehmen zusammen.<\/p>\n<p class=\"text-18 leading-17\">Die genaue Art des Angriffs wurde nicht bekannt gegeben. Der Vorgang w\u00e4re allerdings mit sogenannter Ransomware vereinbar, bei der Hacker Daten verschl\u00fcsseln und f\u00fcr deren Freigabe ein L\u00f6segeld fordern. Stellungnahmen des FBI und von der Cybersicherheitsbeh\u00f6rde CISA lagen zun\u00e4chst nicht vor.<\/p>\n<p class=\"text-18 leading-17\"><a class=\"transition-colors duration-200 cursor-pointer text-inherit no-underline text-salemsfur md:hover:text-magenta md:hover:border-magenta md:focus:text-magenta border-current border-b border-solid break-words\" href=\"https:\/\/www.t-online.de\/nachrichten\/ausland\/usa\/id_100832036\/usa-news-minnesota-beruft-nach-hackerangriff-nationalgarde-ein.html\" data-sctrack=\"BodyAnchor\" target=\"_blank\" rel=\"noopener\">Lesen Sie hier alle \u00e4lteren Nachrichten zur US-Politik<\/a> unter Donald Trump.<\/p>\n","protected":false},"excerpt":{"rendered":"Kamala Harris beendet Spekulation um Kandidatur Die ehemalige US-Vizepr\u00e4sidentin und demokratische Pr\u00e4sidentschaftskandidatin von 2024, Kamala Harris, hat am&hellip;\n","protected":false},"author":2,"featured_media":307022,"comment_status":"","ping_status":"","sticky":false,"template":"","format":"standard","meta":{"footnotes":""},"categories":[3],"tags":[326,7797,522,88627,635,88625,106,2522,739,88629,10903,410,13,851,345,43593,14,15,3129,5210,1555,8523,88626,88628,12,88624,939,613,10,8,9,11,64,320,5504,103,104,615],"class_list":{"0":"post-307021","1":"post","2":"type-post","3":"status-publish","4":"format-standard","5":"has-post-thumbnail","7":"category-welt","8":"tag-326","9":"tag-7797","10":"tag-522","11":"tag-benjamin-franklin","12":"tag-coca-cola","13":"tag-david-super","14":"tag-donald-trump","15":"tag-ford-motor","16":"tag-gaza","17":"tag-georgetown-university","18":"tag-getraenke","19":"tag-hamas","20":"tag-headlines","21":"tag-herbst","22":"tag-iran","23":"tag-melania-trump","24":"tag-nachrichten","25":"tag-news","26":"tag-newsblog","27":"tag-opernhaus","28":"tag-republikaner","29":"tag-robert-f-kennedy-jr","30":"tag-rohrzucker","31":"tag-schiffsnetzwerk","32":"tag-schlagzeilen","33":"tag-sherry-house","34":"tag-stahl","35":"tag-suedkorea","36":"tag-top-news","37":"tag-top-meldungen","38":"tag-topmeldungen","39":"tag-topnews","40":"tag-usa","41":"tag-washington","42":"tag-weisses-haus","43":"tag-welt","44":"tag-world","45":"tag-zoll"},"share_on_mastodon":{"url":"https:\/\/pubeurope.com\/@de\/114945295130538007","error":""},"_links":{"self":[{"href":"https:\/\/www.europesays.com\/de\/wp-json\/wp\/v2\/posts\/307021","targetHints":{"allow":["GET"]}}],"collection":[{"href":"https:\/\/www.europesays.com\/de\/wp-json\/wp\/v2\/posts"}],"about":[{"href":"https:\/\/www.europesays.com\/de\/wp-json\/wp\/v2\/types\/post"}],"author":[{"embeddable":true,"href":"https:\/\/www.europesays.com\/de\/wp-json\/wp\/v2\/users\/2"}],"replies":[{"embeddable":true,"href":"https:\/\/www.europesays.com\/de\/wp-json\/wp\/v2\/comments?post=307021"}],"version-history":[{"count":0,"href":"https:\/\/www.europesays.com\/de\/wp-json\/wp\/v2\/posts\/307021\/revisions"}],"wp:featuredmedia":[{"embeddable":true,"href":"https:\/\/www.europesays.com\/de\/wp-json\/wp\/v2\/media\/307022"}],"wp:attachment":[{"href":"https:\/\/www.europesays.com\/de\/wp-json\/wp\/v2\/media?parent=307021"}],"wp:term":[{"taxonomy":"category","embeddable":true,"href":"https:\/\/www.europesays.com\/de\/wp-json\/wp\/v2\/categories?post=307021"},{"taxonomy":"post_tag","embeddable":true,"href":"https:\/\/www.europesays.com\/de\/wp-json\/wp\/v2\/tags?post=307021"}],"curies":[{"name":"wp","href":"https:\/\/api.w.org\/{rel}","templated":true}]}}