{"id":307081,"date":"2025-07-31T02:11:11","date_gmt":"2025-07-31T02:11:11","guid":{"rendered":"https:\/\/www.europesays.com\/de\/307081\/"},"modified":"2025-07-31T02:11:11","modified_gmt":"2025-07-31T02:11:11","slug":"mecklenburg-vorpommern-umfrage-verbundenheit-mit-deutschland-in-mv-besonders-hoch","status":"publish","type":"post","link":"https:\/\/www.europesays.com\/de\/307081\/","title":{"rendered":"Mecklenburg-Vorpommern: Umfrage: Verbundenheit mit Deutschland in MV besonders hoch"},"content":{"rendered":"<p>                    Mecklenburg-Vorpommern<br \/>\n                Umfrage: Verbundenheit mit Deutschland in MV besonders hoch<\/p>\n<p>\t\t\t\t              31.07.2025, 04:03 Uhr<\/p>\n<p><strong>Wie stark identifizieren sich Menschen mit den Orten und Regionen, in denen sie leben? F\u00fchlen sie sich Deutschland und der EU verbunden? Eine Umfrage gibt Aufschluss.<\/strong><\/p>\n<p>K\u00f6ln\/Rostock (dpa\/mv) &#8211; \u00dcber drei Viertel der Menschen in Mecklenburg-Vorpommern f\u00fchlen sich sowohl ihrer Region und ihrem Wohnort als auch Deutschland als Ganzes stark oder sehr stark verbunden. Das geht aus einer aktuellen Umfrage des Meinungsforschungsinstituts Yougov zur regionalen Identit\u00e4t und Verbundenheit hervor.\u00a0<\/p>\n<p>In MV zeigte sich dabei die nationale Verbundenheit mit Deutschland mit 78 Prozent besonders ausgepr\u00e4gt. Das war der h\u00f6chste Wert aller Bundesl\u00e4nder. Es folgten Rheinland-Pfalz (77 Prozent) und Bremen (74 Prozent). Am geringsten fiel sie mit 62 Prozent in Sachsen aus.<\/p>\n<p>Die Verbundenheit mit dem unmittelbaren Wohnort \u2013 also der Stadt, dem Ort oder dem Dorf, in dem die Befragten leben \u2013 ist der Umfrage zufolge bundesweit stark ausgepr\u00e4gt: Im Bundesdurchschnitt geben 69 Prozent an, sich eher oder sehr stark mit ihrem Wohnort verbunden zu f\u00fchlen. In MV lag dieser Wert sogar bei 75 Prozent.\u00a0<\/p>\n<p>MV im Mittelfeld bei Verbundenheit mit Bundesland<\/p>\n<p>Bei der Verbundenheit mit dem Bundesland rangierte MV mit 70 Prozent im Mittelfeld des L\u00e4nderrankings. Am schw\u00e4chsten war sie in NRW (58 Prozent). Nach Europa gefragt, sagten in MV 62 Prozent, dass sie eine &#8222;eher starke&#8220; oder &#8222;sehr starke&#8220; Verbundenheit empf\u00e4nden.\u00a0<\/p>\n<p>F\u00fcr die Befragung wurden vom 27. Juni bis 9. Juli 2.200 Personen online befragt. Die Erhebung wurde laut Yougov nach Alter, Geschlecht und Region quotiert und die Ergebnisse anschlie\u00dfend entsprechend gewichtet. Die Ergebnisse seien repr\u00e4sentativ f\u00fcr die Wohnbev\u00f6lkerung in Deutschland ab 18 Jahren.<\/p>\n","protected":false},"excerpt":{"rendered":"Mecklenburg-Vorpommern Umfrage: Verbundenheit mit Deutschland in MV besonders hoch 31.07.2025, 04:03 Uhr Wie stark identifizieren sich Menschen mit&hellip;\n","protected":false},"author":2,"featured_media":307082,"comment_status":"","ping_status":"","sticky":false,"template":"","format":"standard","meta":{"footnotes":""},"categories":[2],"tags":[331,3924,332,3922,3364,29,30,13,1351,1352,14,3923,15,3921,12,4649,31657],"class_list":{"0":"post-307081","1":"post","2":"type-post","3":"status-publish","4":"format-standard","5":"has-post-thumbnail","7":"category-deutschland","8":"tag-aktuelle-nachrichten","9":"tag-aktuelle-nachrichten-aus-deutschland","10":"tag-aktuelle-news","11":"tag-aktuelle-news-aus-deutschland","12":"tag-de","13":"tag-deutschland","14":"tag-germany","15":"tag-headlines","16":"tag-mecklenburg-vorpommern","17":"tag-mv","18":"tag-nachrichten","19":"tag-nachrichten-aus-deutschland","20":"tag-news","21":"tag-news-aus-deutschland","22":"tag-schlagzeilen","23":"tag-umfrage","24":"tag-verbundenheit"},"share_on_mastodon":{"url":"https:\/\/pubeurope.com\/@de\/114945424433541130","error":""},"_links":{"self":[{"href":"https:\/\/www.europesays.com\/de\/wp-json\/wp\/v2\/posts\/307081","targetHints":{"allow":["GET"]}}],"collection":[{"href":"https:\/\/www.europesays.com\/de\/wp-json\/wp\/v2\/posts"}],"about":[{"href":"https:\/\/www.europesays.com\/de\/wp-json\/wp\/v2\/types\/post"}],"author":[{"embeddable":true,"href":"https:\/\/www.europesays.com\/de\/wp-json\/wp\/v2\/users\/2"}],"replies":[{"embeddable":true,"href":"https:\/\/www.europesays.com\/de\/wp-json\/wp\/v2\/comments?post=307081"}],"version-history":[{"count":0,"href":"https:\/\/www.europesays.com\/de\/wp-json\/wp\/v2\/posts\/307081\/revisions"}],"wp:featuredmedia":[{"embeddable":true,"href":"https:\/\/www.europesays.com\/de\/wp-json\/wp\/v2\/media\/307082"}],"wp:attachment":[{"href":"https:\/\/www.europesays.com\/de\/wp-json\/wp\/v2\/media?parent=307081"}],"wp:term":[{"taxonomy":"category","embeddable":true,"href":"https:\/\/www.europesays.com\/de\/wp-json\/wp\/v2\/categories?post=307081"},{"taxonomy":"post_tag","embeddable":true,"href":"https:\/\/www.europesays.com\/de\/wp-json\/wp\/v2\/tags?post=307081"}],"curies":[{"name":"wp","href":"https:\/\/api.w.org\/{rel}","templated":true}]}}