{"id":307636,"date":"2025-07-31T07:27:19","date_gmt":"2025-07-31T07:27:19","guid":{"rendered":"https:\/\/www.europesays.com\/de\/307636\/"},"modified":"2025-07-31T07:27:19","modified_gmt":"2025-07-31T07:27:19","slug":"wuppertaler-sv-darf-im-pokal-zu-hause-spielen","status":"publish","type":"post","link":"https:\/\/www.europesays.com\/de\/307636\/","title":{"rendered":"Wuppertaler SV darf im Pokal zu Hause spielen"},"content":{"rendered":"<p class=\"text_ohne_einzug richtext text-em-55 !leading-serif mx-6 desktop:mx-0\">Jetzt kam die Best\u00e4tigung vom Fu\u00dfball-Verband Niederrhein: Regionalligist Wuppertaler SV darf sein Erstrundenspiel im Niederrheinpokal am Mittwoch, 13. August, gegen den TSV Krefeld-Bockum im Stadion am Zoo austragen (Ansto\u00df 19.30 Uhr). Der Bezirksligist hatte aus organisatorischen Gr\u00fcnden um den Heimrechtstausch gebeten, was dem WSV entgegenkommt. Der tr\u00e4gt am Samstag zuvor sein Liga-Heimspiel gegen R\u00f6dinghausen aus und hat nach dem Pokal vier Tage Zeit bis zum Ausw\u00e4rtsspiel in Dortmund (17. August, 14 Uhr). Bereits am Samstag, 10 August, tragen FSV Vohwinkel und Cronenberger CSC ihre Pokalspiele aus. Der FSV empf\u00e4ngt um 15 Uhr Landesligist TSV Solingen, der CSC muss zu Bezirksligist TV Kalkum-Wittlaer. Eine Woche sp\u00e4ter beginnt die Meisterschaft in der Bezirksliga mit dem Kn\u00fcller Vohwinkel gegen Cronenberg. Das Spiel ist f\u00fcr Samstag, 16. August, 16\u00a0Uhr angesetzt.<\/p>\n","protected":false},"excerpt":{"rendered":"Jetzt kam die Best\u00e4tigung vom Fu\u00dfball-Verband Niederrhein: Regionalligist Wuppertaler SV darf sein Erstrundenspiel im Niederrheinpokal am Mittwoch, 13.&hellip;\n","protected":false},"author":2,"featured_media":307637,"comment_status":"","ping_status":"","sticky":false,"template":"","format":"standard","meta":{"footnotes":""},"categories":[1840],"tags":[88745,35507,3364,29,24038,30,3716,3718,1209,5907,88746,14129,12483,9717,19466,6227,4418,6500],"class_list":{"0":"post-307636","1":"post","2":"type-post","3":"status-publish","4":"format-standard","5":"has-post-thumbnail","7":"category-wuppertal","8":"tag-bezirksligist","9":"tag-csc","10":"tag-de","11":"tag-deutschland","12":"tag-fsv","13":"tag-germany","14":"tag-niederrhein","15":"tag-niederrheinpokal","16":"tag-nordrhein-westfalen","17":"tag-pokal","18":"tag-pokalspiele","19":"tag-samstag","20":"tag-tsv","21":"tag-uhr","22":"tag-vohwinkel","23":"tag-wsv","24":"tag-wuppertal","25":"tag-zoo"},"share_on_mastodon":{"url":"https:\/\/pubeurope.com\/@de\/114946666926588226","error":""},"_links":{"self":[{"href":"https:\/\/www.europesays.com\/de\/wp-json\/wp\/v2\/posts\/307636","targetHints":{"allow":["GET"]}}],"collection":[{"href":"https:\/\/www.europesays.com\/de\/wp-json\/wp\/v2\/posts"}],"about":[{"href":"https:\/\/www.europesays.com\/de\/wp-json\/wp\/v2\/types\/post"}],"author":[{"embeddable":true,"href":"https:\/\/www.europesays.com\/de\/wp-json\/wp\/v2\/users\/2"}],"replies":[{"embeddable":true,"href":"https:\/\/www.europesays.com\/de\/wp-json\/wp\/v2\/comments?post=307636"}],"version-history":[{"count":0,"href":"https:\/\/www.europesays.com\/de\/wp-json\/wp\/v2\/posts\/307636\/revisions"}],"wp:featuredmedia":[{"embeddable":true,"href":"https:\/\/www.europesays.com\/de\/wp-json\/wp\/v2\/media\/307637"}],"wp:attachment":[{"href":"https:\/\/www.europesays.com\/de\/wp-json\/wp\/v2\/media?parent=307636"}],"wp:term":[{"taxonomy":"category","embeddable":true,"href":"https:\/\/www.europesays.com\/de\/wp-json\/wp\/v2\/categories?post=307636"},{"taxonomy":"post_tag","embeddable":true,"href":"https:\/\/www.europesays.com\/de\/wp-json\/wp\/v2\/tags?post=307636"}],"curies":[{"name":"wp","href":"https:\/\/api.w.org\/{rel}","templated":true}]}}