{"id":307851,"date":"2025-07-31T09:32:19","date_gmt":"2025-07-31T09:32:19","guid":{"rendered":"https:\/\/www.europesays.com\/de\/307851\/"},"modified":"2025-07-31T09:32:19","modified_gmt":"2025-07-31T09:32:19","slug":"anstieg-der-arbeitslosigkeit-in-hamburg-im-juli","status":"publish","type":"post","link":"https:\/\/www.europesays.com\/de\/307851\/","title":{"rendered":"Anstieg der Arbeitslosigkeit in Hamburg im Juli"},"content":{"rendered":"<p _ngcontent-sc113=\"\"> 31. Juli 2025 \u2013 Chiara-Lee Haartje <\/p>\n<p _ngcontent-sc113=\"\">Die Zahl der Arbeitslosen in Hamburg ist im Juli leicht gestiegen. Laut Arbeitsagentur h\u00e4ngt das mit dem Ferienbeginn und dem Abschluss von Ausbildungen zusammen. Die Arbeitslosenquote liegt aktuell bei 8,4 Prozent \u2013 das ist mehr als im Vorjahr.<\/p>\n<p _ngcontent-sc85=\"\" align=\"false\">Die Arbeitslosenzahl in Hamburg ist im Juli im Vergleich zum Vormonat um 1.027 Personen gestiegen. Damit waren insgesamt 95.018 Menschen ohne Besch\u00e4ftigung, wie die Agentur f\u00fcr Arbeit Hamburg mitteilt. Die Arbeitslosenquote liegt aktuell bei 8,4 Prozent, 0,1 Punkte mehr als im Juni.<\/p>\n<p>Saisonbedingter Anstieg zum Ferienstart<\/p>\n<p _ngcontent-sc85=\"\" align=\"false\">Der Anstieg kommt laut Arbeitsagentur nicht \u00fcberraschend. &#8222;Mit Beginn der Ferien und Urlaubszeit stieg die Arbeitslosigkeit im Juli erwartungsgem\u00e4\u00df an&#8220;, erkl\u00e4rte S\u00f6nke Fock, Chef der Arbeitsagentur Hamburg. Solche saisonalen Schwankungen sind laut Beh\u00f6rde typisch f\u00fcr diese Zeit des Jahres.<\/p>\n<p>Ausbildungsende sorgt f\u00fcr mehr Arbeitslosmeldungen<\/p>\n<p _ngcontent-sc85=\"\" align=\"false\">Ein weiterer Faktor f\u00fcr den Anstieg: Viele Auszubildende beenden im Sommer ihre Ausbildung, werden aber von ihren Betrieben nicht \u00fcbernommen. In Folge melden sie sich vor\u00fcbergehend arbeitslos und tauchen in der Statistik auf.<\/p>\n<p>Vergleich zum Vorjahr: Arbeitsmarkt leicht belastet<\/p>\n<p _ngcontent-sc85=\"\" align=\"false\">Zum Vergleich: Im Juli des Vorjahres lag die Arbeitslosenquote in Hamburg bei 8,1 Prozent. Damit zeigt sich ein moderater Anstieg gegen\u00fcber 2024. Die Daten der aktuellen Statistik wurden bis einschlie\u00dflich 14. Juli erhoben.<\/p>\n<p>Weitere News On Air<\/p>\n<p _ngcontent-sc85=\"\" align=\"false\">Weitere Nachrichten aus Hamburg, Deutschland und der Welt h\u00f6rt ihr immer zur vollen Stunde bei uns im Programm. Holt euch einfach unsere <a _ngcontent-sc133=\"\" href=\"https:\/\/www.radiohamburg.de\/programm\/frequenzen\/Streamen-%C3%BCber-die-App-id388032.html\" rel=\"nofollow noopener\" target=\"_blank\">kostenlose App<\/a>, h\u00f6rt uns \u00fcber euren <a _ngcontent-sc133=\"\" href=\"https:\/\/www.radiohamburg.de\/programm\/frequenzen\/Alexa-spiele-Radio-Hamburg-id387722.html\" rel=\"nofollow noopener\" target=\"_blank\">Smartspeaker<\/a> oder schaltet mit einem Klick unten auf den Playbutton das Webradio ein. Zum Nachh\u00f6ren gibt\u2019s das Ganze nat\u00fcrlich auch noch mal als <a _ngcontent-sc133=\"\" href=\"https:\/\/www.radiohamburg.de\/hoeren\/podcasts\/Radio-Hamburg-Nachrichten-id388455.html\" rel=\"nofollow noopener\" target=\"_blank\">Podcastangebot<\/a>.<\/p>\n<p><img decoding=\"async\" _ngcontent-sc130=\"\" class=\"\" src=\"https:\/\/www.europesays.com\/de\/wp-content\/uploads\/2025\/04\/app.jpg\" alt=\"App, App Store, iOS, Play Store, Google\" title=\"App, App Store, iOS, Play Store, Google\"\/><\/p>\n<p>Foto: Bloomicon \/ Shutterstock.com<\/p>\n<p> F\u00fcr iOS &amp; Android <\/p>\n<p>Holt euch die kostenlose Radio Hamburg App<\/p>\n<p _ngcontent-sc85=\"\" align=\"false\">H\u00f6rt uns an jedem Ort auf der Welt in bester Qualit\u00e4t &amp; st\u00f6rungsfrei \u00fcber unsere kostenlose App. Holt sie euch jetzt f\u00fcr Android oder iOS.<\/p>\n","protected":false},"excerpt":{"rendered":"31. Juli 2025 \u2013 Chiara-Lee Haartje Die Zahl der Arbeitslosen in Hamburg ist im Juli leicht gestiegen. Laut&hellip;\n","protected":false},"author":2,"featured_media":307852,"comment_status":"","ping_status":"","sticky":false,"template":"","format":"standard","meta":{"footnotes":""},"categories":[1826],"tags":[30837,25748,22523,25029,33139,33138,5401,88796,620,3886,11059,29,88795,7525,30,692,44032,88798,88794,924,6563,88797],"class_list":{"0":"post-307851","1":"post","2":"type-post","3":"status-publish","4":"format-standard","5":"has-post-thumbnail","7":"category-hamburg","8":"tag-azubis","9":"tag-jobcenter","10":"tag-jobsuche","11":"tag-arbeitsagentur","12":"tag-arbeitslosenquote","13":"tag-arbeitslosenzahl","14":"tag-arbeitslosigkeit","15":"tag-arbeitslosmeldung","16":"tag-arbeitsmarkt","17":"tag-ausbildung","18":"tag-beschaeftigung","19":"tag-deutschland","20":"tag-erwerbslosigkeit","21":"tag-ferienbeginn","22":"tag-germany","23":"tag-hamburg","24":"tag-juli","25":"tag-saisonale-arbeitslosigkeit","26":"tag-soenke-fock","27":"tag-statistik","28":"tag-stellenmarkt","29":"tag-wirtschaft-hamburg"},"share_on_mastodon":{"url":"https:\/\/pubeurope.com\/@de\/114947158807948700","error":""},"_links":{"self":[{"href":"https:\/\/www.europesays.com\/de\/wp-json\/wp\/v2\/posts\/307851","targetHints":{"allow":["GET"]}}],"collection":[{"href":"https:\/\/www.europesays.com\/de\/wp-json\/wp\/v2\/posts"}],"about":[{"href":"https:\/\/www.europesays.com\/de\/wp-json\/wp\/v2\/types\/post"}],"author":[{"embeddable":true,"href":"https:\/\/www.europesays.com\/de\/wp-json\/wp\/v2\/users\/2"}],"replies":[{"embeddable":true,"href":"https:\/\/www.europesays.com\/de\/wp-json\/wp\/v2\/comments?post=307851"}],"version-history":[{"count":0,"href":"https:\/\/www.europesays.com\/de\/wp-json\/wp\/v2\/posts\/307851\/revisions"}],"wp:featuredmedia":[{"embeddable":true,"href":"https:\/\/www.europesays.com\/de\/wp-json\/wp\/v2\/media\/307852"}],"wp:attachment":[{"href":"https:\/\/www.europesays.com\/de\/wp-json\/wp\/v2\/media?parent=307851"}],"wp:term":[{"taxonomy":"category","embeddable":true,"href":"https:\/\/www.europesays.com\/de\/wp-json\/wp\/v2\/categories?post=307851"},{"taxonomy":"post_tag","embeddable":true,"href":"https:\/\/www.europesays.com\/de\/wp-json\/wp\/v2\/tags?post=307851"}],"curies":[{"name":"wp","href":"https:\/\/api.w.org\/{rel}","templated":true}]}}