{"id":308621,"date":"2025-07-31T16:30:15","date_gmt":"2025-07-31T16:30:15","guid":{"rendered":"https:\/\/www.europesays.com\/de\/308621\/"},"modified":"2025-07-31T16:30:15","modified_gmt":"2025-07-31T16:30:15","slug":"deutscher-grosshaendler-mit-600-mitarbeitern-meldet-insolvenz-an-regional","status":"publish","type":"post","link":"https:\/\/www.europesays.com\/de\/308621\/","title":{"rendered":"Deutscher Gro\u00dfh\u00e4ndler mit 600 Mitarbeitern meldet Insolvenz an | Regional"},"content":{"rendered":"<p>Herford \u2013 <b>Es trifft ein Urgestein der deutschen Industrie! Die Joseph Dresselhaus GmbH &amp; Co. KG, seit mehr als 70 Jahren einer der f\u00fchrenden Schrauben-H\u00e4ndler Deutschlands, ist insolvent.<\/b><\/p>\n<p>Das Unternehmen mit Hauptsitz in Herford (<a href=\"https:\/\/www.bild.de\/regional\/nordrhein-westfalen\/home-npIP0qL0giWP1ZFIOHn2\" class=\"text-link\" rel=\"nofollow noopener\" target=\"_blank\">Nordrhein-Westfalen<\/a>), das Schrauben und Muttern an u. a. Handwerksbetriebe verkauft, ist schon l\u00e4nger in Schwierigkeiten. Bereits Ende 2024 hatte es angek\u00fcndigt, rund 50 Stellen abzubauen und seinen Standort in Urbach (Baden-W\u00fcrttemberg) zu schlie\u00dfen. Doch die Sparma\u00dfnahmen reichten offenbar nicht aus. Am 25. Juli hat Dresselhaus beim Amtsgericht Bielefeld die <a href=\"https:\/\/www.bild.de\/themen\/specials\/insolvenz\/finanzen-nachrichten-news-fotos-videos-21175522.bild.html\" class=\"text-link\" rel=\"nofollow noopener\" target=\"_blank\">Insolvenz<\/a> in Eigenverwaltung beantragt.<\/p>\n<p>Gro\u00dfh\u00e4ndler unter wirtschaftlichem Druck<\/p>\n<p>Dresselhaus-CEO Markus Sch\u00f6rg gab in einer Mitteilung bekannt, dass es schon in den vergangenen Monaten zu Sanierungsma\u00dfnahmen kam. \u201eDennoch konnten wir die geplanten Schritte nicht vollst\u00e4ndig und in dem notwendigen Tempo umsetzen \u2013 unter anderem, da uns die daf\u00fcr erforderlichen finanziellen Mittel nicht zur Verf\u00fcgung standen\u201c, so Sch\u00f6rg.<\/p>\n<p><img decoding=\"async\" width=\"992\" height=\"558\" alt=\"Markus Sch\u00f6rg ist seit 2022 CEO und alleiniger Gesch\u00e4ftsf\u00fchrer der Joseph Dresselhaus GmbH &amp; Co. KG\" src=\"https:\/\/www.europesays.com\/de\/wp-content\/uploads\/2025\/07\/90f4b2fba84ab29e17e5e901bb4a8e16,695b8c2\"   class=\"landscape\" loading=\"lazy\"\/><\/p>\n<p class=\"fig__caption__text\">Markus Sch\u00f6rg ist seit 2022 CEO und alleiniger Gesch\u00e4ftsf\u00fchrer der Joseph Dresselhaus GmbH &amp; Co. KG<\/p>\n<p>Foto: Joseph Dresselhaus GmbH &amp; Co. KG<\/p>\n<p>Mit dem Einstieg des niederl\u00e4ndischen Investors Nimbus im Jahr 2020 hatte Dresselhaus eigentlich auf Wachstum gesetzt. Doch trotz der Unterst\u00fctzung geriet der Gro\u00dfh\u00e4ndler zunehmend unter <a href=\"https:\/\/www.bild.de\/geld\/wirtschaft\/wirtschaft\/home-15683398.bild.html\" class=\"text-link\" rel=\"nofollow noopener\" target=\"_blank\">wirtschaftlichen<\/a> Druck.<\/p>\n<p>2023 lag der Umsatz bei 209 Millionen Euro. Dresselhaus machte dabei auch 21 Millionen Euro Gewinn, der laut \u201eWirtschaftsWoche\u201c jedoch auf Verk\u00e4ufe in H\u00f6he von 24,9 Millionen Euro zur\u00fcckzuf\u00fchren ist. Ansonsten w\u00e4re das Jahr mit einem Verlust abgeschlossen worden.<\/p>\n<p>Gesch\u00e4ftsbetrieb l\u00e4uft weiter<\/p>\n<p>Der Gesch\u00e4ftsbetrieb in Deutschland und an den vier internationalen Standorten l\u00e4uft laut Mitteilung des <a href=\"https:\/\/www.bild.de\/themen\/organisationen\/unternehmen\/news-fotos-videos-5n9Nevv68FAFS89DJteg\" class=\"text-link\" rel=\"nofollow noopener\" target=\"_blank\">Unternehmens<\/a> uneingeschr\u00e4nkt weiter. Die Geh\u00e4lter der etwa 600 Besch\u00e4ftigten in Deutschland, Russland, Italien, \u00d6sterreich und in der T\u00fcrkei sind allerdings nur f\u00fcr drei Monate gesichert.<\/p>\n<p>Mehr zum Thema<\/p>\n<p>Die Rechtsanw\u00e4lte Marc-Philippe Hornung (Wirtschaftskanzlei SZA) und Thomas Rieger (Partner der Wirtschaftskanzlei G\u00d6RG) sollen jetzt mit dem Management alle M\u00f6glichkeiten pr\u00fcfen, den Schrauben-H\u00e4ndler vor der endg\u00fcltigen Pleite zu retten.<\/p>\n<p><b>Auf BILD-Anfrage wollte das Unternehmen keine weiteren Ausk\u00fcnfte geben.<\/b><\/p>\n<p>Transparenzhinweis: \u201eIn einer fr\u00fcheren Version des Artikels schrieben wir, dass die Firma ein Schrauben-Hersteller ist. Richtig ist aber, dass Dresselhaus ein Schrauben-H\u00e4ndler ist. Wir haben den Fehler korrigiert und bitten, diesen zu entschuldigen.<\/p>\n","protected":false},"excerpt":{"rendered":"Herford \u2013 Es trifft ein Urgestein der deutschen Industrie! Die Joseph Dresselhaus GmbH &amp; Co. KG, seit mehr&hellip;\n","protected":false},"author":2,"featured_media":308622,"comment_status":"","ping_status":"","sticky":false,"template":"","format":"standard","meta":{"footnotes":""},"categories":[134],"tags":[175,170,169,29,30,17166,16398,1551,171,174,6400,1209,1371,45,173,172,55],"class_list":{"0":"post-308621","1":"post","2":"type-post","3":"status-publish","4":"format-standard","5":"has-post-thumbnail","7":"category-unternehmen-maerkte","8":"tag-business","9":"tag-companies","10":"tag-companies-markets","11":"tag-deutschland","12":"tag-germany","13":"tag-grosshandel","14":"tag-herford","15":"tag-insolvenz","16":"tag-markets","17":"tag-maerkte","18":"tag-mitarbeiter","19":"tag-nordrhein-westfalen","20":"tag-pleite","21":"tag-texttospeech","22":"tag-unternehmen","23":"tag-unternehmen-maerkte","24":"tag-wirtschaft"},"share_on_mastodon":{"url":"https:\/\/pubeurope.com\/@de\/114948802199261978","error":""},"_links":{"self":[{"href":"https:\/\/www.europesays.com\/de\/wp-json\/wp\/v2\/posts\/308621","targetHints":{"allow":["GET"]}}],"collection":[{"href":"https:\/\/www.europesays.com\/de\/wp-json\/wp\/v2\/posts"}],"about":[{"href":"https:\/\/www.europesays.com\/de\/wp-json\/wp\/v2\/types\/post"}],"author":[{"embeddable":true,"href":"https:\/\/www.europesays.com\/de\/wp-json\/wp\/v2\/users\/2"}],"replies":[{"embeddable":true,"href":"https:\/\/www.europesays.com\/de\/wp-json\/wp\/v2\/comments?post=308621"}],"version-history":[{"count":0,"href":"https:\/\/www.europesays.com\/de\/wp-json\/wp\/v2\/posts\/308621\/revisions"}],"wp:featuredmedia":[{"embeddable":true,"href":"https:\/\/www.europesays.com\/de\/wp-json\/wp\/v2\/media\/308622"}],"wp:attachment":[{"href":"https:\/\/www.europesays.com\/de\/wp-json\/wp\/v2\/media?parent=308621"}],"wp:term":[{"taxonomy":"category","embeddable":true,"href":"https:\/\/www.europesays.com\/de\/wp-json\/wp\/v2\/categories?post=308621"},{"taxonomy":"post_tag","embeddable":true,"href":"https:\/\/www.europesays.com\/de\/wp-json\/wp\/v2\/tags?post=308621"}],"curies":[{"name":"wp","href":"https:\/\/api.w.org\/{rel}","templated":true}]}}