{"id":308667,"date":"2025-07-31T16:55:16","date_gmt":"2025-07-31T16:55:16","guid":{"rendered":"https:\/\/www.europesays.com\/de\/308667\/"},"modified":"2025-07-31T16:55:16","modified_gmt":"2025-07-31T16:55:16","slug":"gegenueber-deutschem-diplomaten-archivfund-putin-stellte-schon-1994-russlands-grenzen-infrage","status":"publish","type":"post","link":"https:\/\/www.europesays.com\/de\/308667\/","title":{"rendered":"Gegen\u00fcber deutschem Diplomaten: Archivfund: Putin stellte schon 1994 Russlands Grenzen infrage"},"content":{"rendered":"<p>                    Gegen\u00fcber deutschem Diplomaten<br \/>\n                Archivfund: Putin stellte schon 1994 Russlands Grenzen infrage<\/p>\n<p>\t\t\t\t              31.07.2025, 17:30 Uhr<\/p>\n<p>\t\t\t\t\t       Artikel anh\u00f6ren<\/p>\n<p>\t\t\t\t\t\t\tDiese Audioversion wurde k\u00fcnstlich generiert. <a href=\"https:\/\/www.n-tv.de\/23249898\" target=\"_blank\" rel=\"noopener\">Mehr Infos<\/a><\/p>\n<p><strong>Es ist ein bislang unbekannter Vermerk im Archiv des Ausw\u00e4rtigen Amtes: Bereits vor 30 Jahren offenbart Wladimir Putin einem deutschen Diplomaten, dass er Russlands Grenzen nicht anerkenne. Die Krim, Teile der Ukraine und Nordkasachstan seien f\u00fcr den heutigen Kremlchef &#8222;niemals Ausland&#8220;.<\/strong><\/p>\n<p>Im Archiv des Ausw\u00e4rtigen Amts ist laut einem Medienbericht ein fr\u00fcher Hinweis aufgetaucht, dass der heutige Kremlherrscher Wladimir Putin Russlands Grenzen nicht anerkennt. Wie der &#8222;Spiegel&#8220; berichtet, notierte der deutsche Generalkonsul in Sankt Petersburg, Putin habe am 14. Januar 1994 &#8222;mit Emphase&#8220; wiederholt, was er ihm schon fr\u00fcher gesagt habe: &#8222;Die Krim, die \u00f6stliche Ukraine und das n\u00f6rdliche Kasachstan &#8211; diese Gebiete zumindest &#8211; seien f\u00fcr Russland niemals Ausland, sondern immer Teil des rus\u00adsischen Territoriums gewesen. Keinem Russen sei verst\u00e4ndlich zu machen, dass dies jetzt f\u00fcr sie Ausland sei.&#8220;<\/p>\n<p>Die Russen empf\u00e4nden national, das sei f\u00fcr Deutsche &#8222;vielleicht schwerer verst\u00e4ndlich&#8220;. Der Vermerk findet sich laut dem Bericht in einer Edition, die das Institut f\u00fcr Zeitgeschichte herausgibt. Putin war damals stellvertretender B\u00fcrgermeister in Sankt Petersburg, er galt als Reformer. <\/p>\n<p>In der Ukraine lebten damals \u00fcber zehn Mil\u00adlionen, in Kasachstan rund eine Million Russen. Putin erkl\u00e4rte laut dem Vermerk weiter, es gebe &#8222;keine Probleme&#8220;, wenn deren wirtschaftliche und soziale Lage zufriedenstellend sei. Doch dem sei nicht so, was Wladimir Schirinowskij &#8211; einem rechtspopulistischen Politiker &#8211; Zulauf verschaffe. Der Westen sei daher &#8222;schlecht beraten, wenn er als Wieder\u00adaufleben des russischen Imperialismus das bezeichne, was lediglich eine gerechtfertigte Wahrnehmung russischer Interessen&#8220; sei.<\/p>\n<p>Russland startete am 24. Februar 2022 seinen Gro\u00dfangriff auf die Ukraine. Putin begr\u00fcndete die v\u00f6lkerrechtswidrige Invasion in das Nachbarland mit dem angeblichen Schutz der russischsprachigen Bev\u00f6lkerung im Donbas. Zugleich stellte er die Nato-Osterweiterung als existenzielle Bedrohung f\u00fcr Moskau dar und k\u00fcndigte eine &#8222;Entmilitarisierung und Entnazifizierung&#8220; der Ukraine an. International stie\u00dfen diese Rechtfertigungen auf breite Ablehnung. <\/p>\n","protected":false},"excerpt":{"rendered":"Gegen\u00fcber deutschem Diplomaten Archivfund: Putin stellte schon 1994 Russlands Grenzen infrage 31.07.2025, 17:30 Uhr Artikel anh\u00f6ren Diese Audioversion&hellip;\n","protected":false},"author":2,"featured_media":308668,"comment_status":"","ping_status":"","sticky":false,"template":"","format":"standard","meta":{"footnotes":""},"categories":[4012],"tags":[331,332,38,29,508,13,14,15,16,307,12,317,306],"class_list":{"0":"post-308667","1":"post","2":"type-post","3":"status-publish","4":"format-standard","5":"has-post-thumbnail","7":"category-ukraine","8":"tag-aktuelle-nachrichten","9":"tag-aktuelle-news","10":"tag-auswaertiges-amt","11":"tag-deutschland","12":"tag-diplomatie","13":"tag-headlines","14":"tag-nachrichten","15":"tag-news","16":"tag-politik","17":"tag-russland","18":"tag-schlagzeilen","19":"tag-ukraine","20":"tag-wladimir-putin"},"share_on_mastodon":{"url":"https:\/\/pubeurope.com\/@de\/114948900431528063","error":""},"_links":{"self":[{"href":"https:\/\/www.europesays.com\/de\/wp-json\/wp\/v2\/posts\/308667","targetHints":{"allow":["GET"]}}],"collection":[{"href":"https:\/\/www.europesays.com\/de\/wp-json\/wp\/v2\/posts"}],"about":[{"href":"https:\/\/www.europesays.com\/de\/wp-json\/wp\/v2\/types\/post"}],"author":[{"embeddable":true,"href":"https:\/\/www.europesays.com\/de\/wp-json\/wp\/v2\/users\/2"}],"replies":[{"embeddable":true,"href":"https:\/\/www.europesays.com\/de\/wp-json\/wp\/v2\/comments?post=308667"}],"version-history":[{"count":0,"href":"https:\/\/www.europesays.com\/de\/wp-json\/wp\/v2\/posts\/308667\/revisions"}],"wp:featuredmedia":[{"embeddable":true,"href":"https:\/\/www.europesays.com\/de\/wp-json\/wp\/v2\/media\/308668"}],"wp:attachment":[{"href":"https:\/\/www.europesays.com\/de\/wp-json\/wp\/v2\/media?parent=308667"}],"wp:term":[{"taxonomy":"category","embeddable":true,"href":"https:\/\/www.europesays.com\/de\/wp-json\/wp\/v2\/categories?post=308667"},{"taxonomy":"post_tag","embeddable":true,"href":"https:\/\/www.europesays.com\/de\/wp-json\/wp\/v2\/tags?post=308667"}],"curies":[{"name":"wp","href":"https:\/\/api.w.org\/{rel}","templated":true}]}}