{"id":308777,"date":"2025-07-31T18:01:13","date_gmt":"2025-07-31T18:01:13","guid":{"rendered":"https:\/\/www.europesays.com\/de\/308777\/"},"modified":"2025-07-31T18:01:13","modified_gmt":"2025-07-31T18:01:13","slug":"person-mit-waffe-grosser-polizeieinsatz-im-ellerbeker-weg-in-kiel","status":"publish","type":"post","link":"https:\/\/www.europesays.com\/de\/308777\/","title":{"rendered":"Person mit Waffe? Gro\u00dfer Polizeieinsatz im Ellerbeker Weg in Kiel"},"content":{"rendered":"<p>Bereich abgesperrt<\/p>\n<p>Gro\u00dfer Polizeieinsatz im Ellerbeker Weg: Person mit Waffe beobachtet<\/p>\n<p>Anh\u00f6renApp \u00f6ffnen<\/p>\n<p class=\"Textstyled__Text-sc-1cqv9mi-0 cLyiiX ArticleHeadstyled__ArticleSubHeadline-sc-tdzyy5-11 fXdZot\">Eine Passantin meldet der Polizei am Donnerstag, eine Person mit Waffe im Ellerbeker Weg in Kiel gesehen zu haben. Die Polizei sperrt den Bereich ab, gefunden wurde aber niemand.<\/p>\n<p class=\"Textstyled__Text-sc-1cqv9mi-0 cLyiiX\">Kiel. War am Donnerstagnachmittag eine Person mit einer Waffe im Ellerbeker Weg in Kiel unterwegs? Weil ein entsprechender Hinweis eingegangen war, ist die Polizei zu einem gro\u00dfen Einsatz ausger\u00fcckt.<\/p>\n<p>Weiterlesen nach der Anzeige<\/p>\n<p>Weiterlesen nach der Anzeige<\/p>\n<p class=\"Textstyled__Text-sc-1cqv9mi-0 cLyiiX\">Eine Passantin meldete laut Polizeileitstelle Mitte um 15.39 Uhr, im Bereich des Ellerbeker Wegs zwischen W\u00fcstenfelde und Gerstenkamp eine Person, die mit einer Schusswaffe hantiert habe, gesehen zu haben. <\/p>\n<p>Polizeieinsatz im Ellerbeker Weg am fr\u00fchen Abend beendet<\/p>\n<p class=\"Textstyled__Text-sc-1cqv9mi-0 cLyiiX\">Die Polizei sei mit einem \u201egro\u00dfen Aufgebot\u201c ausger\u00fcckt und habe den Bereich abgesperrt, hei\u00dft es aus der Leitstelle. Man habe nach dem bewaffneten Menschen gefahndet, aber niemanden gefunden. Um 17.02 Uhr wurde der Einsatz demnach eingestellt. Weitere Details gab es am Abend nicht.<\/p>\n<p class=\"Editorialstyled__Editorial-sc-5u8rgl-0 cBUuy\">KN<\/p>\n","protected":false},"excerpt":{"rendered":"Bereich abgesperrt Gro\u00dfer Polizeieinsatz im Ellerbeker Weg: Person mit Waffe beobachtet Anh\u00f6renApp \u00f6ffnen Eine Passantin meldet der Polizei&hellip;\n","protected":false},"author":2,"featured_media":308778,"comment_status":"","ping_status":"","sticky":false,"template":"","format":"standard","meta":{"footnotes":""},"categories":[1852],"tags":[3364,29,548,663,3934,30,13,4949,14,15,12,1971],"class_list":{"0":"post-308777","1":"post","2":"type-post","3":"status-publish","4":"format-standard","5":"has-post-thumbnail","7":"category-kiel","8":"tag-de","9":"tag-deutschland","10":"tag-eu","11":"tag-europa","12":"tag-europe","13":"tag-germany","14":"tag-headlines","15":"tag-kiel","16":"tag-nachrichten","17":"tag-news","18":"tag-schlagzeilen","19":"tag-schleswig-holstein"},"share_on_mastodon":{"url":"https:\/\/pubeurope.com\/@de\/114949159938271048","error":""},"_links":{"self":[{"href":"https:\/\/www.europesays.com\/de\/wp-json\/wp\/v2\/posts\/308777","targetHints":{"allow":["GET"]}}],"collection":[{"href":"https:\/\/www.europesays.com\/de\/wp-json\/wp\/v2\/posts"}],"about":[{"href":"https:\/\/www.europesays.com\/de\/wp-json\/wp\/v2\/types\/post"}],"author":[{"embeddable":true,"href":"https:\/\/www.europesays.com\/de\/wp-json\/wp\/v2\/users\/2"}],"replies":[{"embeddable":true,"href":"https:\/\/www.europesays.com\/de\/wp-json\/wp\/v2\/comments?post=308777"}],"version-history":[{"count":0,"href":"https:\/\/www.europesays.com\/de\/wp-json\/wp\/v2\/posts\/308777\/revisions"}],"wp:featuredmedia":[{"embeddable":true,"href":"https:\/\/www.europesays.com\/de\/wp-json\/wp\/v2\/media\/308778"}],"wp:attachment":[{"href":"https:\/\/www.europesays.com\/de\/wp-json\/wp\/v2\/media?parent=308777"}],"wp:term":[{"taxonomy":"category","embeddable":true,"href":"https:\/\/www.europesays.com\/de\/wp-json\/wp\/v2\/categories?post=308777"},{"taxonomy":"post_tag","embeddable":true,"href":"https:\/\/www.europesays.com\/de\/wp-json\/wp\/v2\/tags?post=308777"}],"curies":[{"name":"wp","href":"https:\/\/api.w.org\/{rel}","templated":true}]}}