{"id":30881,"date":"2025-04-14T09:28:16","date_gmt":"2025-04-14T09:28:16","guid":{"rendered":"https:\/\/www.europesays.com\/de\/30881\/"},"modified":"2025-04-14T09:28:16","modified_gmt":"2025-04-14T09:28:16","slug":"dynamo-dresden-vor-15-jahren-fans-mogelten-sich-heimlich-ins-stadion-sport","status":"publish","type":"post","link":"https:\/\/www.europesays.com\/de\/30881\/","title":{"rendered":"Dynamo Dresden vor 15 Jahren: Fans mogelten sich heimlich ins Stadion! | Sport"},"content":{"rendered":"<p><b>\u201eDynamo Dresden vor 15 Jahren\u201c ist eine Serie, in der BILD historische Artikel wieder zum Leben erweckt. Lesen Sie heute, was den Klub im Jahr 2010 bewegte.<\/b><\/p>\n<p>Der Artikel \u201eFans mogelten sich heimlich ins Stadion\u201c ist am 13. April 2010 bei BILD erschienen<\/p>\n<p><a href=\"https:\/\/www.bild.de\/sport\/fussball\/dynamo-dresden\/startseite-dynamo-46789412.bild.html\" class=\"text-link\" rel=\"nofollow noopener\" target=\"_blank\"><b>Dynamo<\/b><\/a><b> l\u00e4sst in der dritten Liga nix mehr anbrennen. 0:0 in Unterhaching, Mittelfeldplatz acht gesichert!<\/b><\/p>\n<p><b>Witzig: <\/b>Trotz Fanblock-Sperre hallten immer wieder Dynamo-Rufe durch den Sportpark in Unterhaching, obwohl auf den R\u00e4ngen kaum einer in schwarz-gelber Kluft sa\u00df. Rund 800 Dresdner Anh\u00e4nger hatten den DFB ausgetrickst und sich einfach unter die Trib\u00fcnen-Zuschauer gemischt.<\/p>\n<p>Lesen Sie auch<\/p>\n<p><b>Die erste Halbzeit geh\u00f6rt Dynamo. Die Truppe von Trainer Maucksch setzt Haching schon in der eigenen H\u00e4lfte immer wieder unter Druck \u2013 und hat durch Koch die gr\u00f6\u00dfte Chance! Aber nach Savran-Vorlage schiebt der den Ball aus sechs Metern am Tor vorbei (24.).<\/b><\/p>\n<p>Viel Aufregung dann in der 38. Minute: Kegel wird von Susak im Strafraum gefoult. Aber die Pfeife von Schiri Benedum bleibt stumm. Warum? Nach dem Wechsel kommen die von Weltmeister Klaus Augenthaler trainierten Hachinger in Fahrt. Aber Dynamos Keeper Keller h\u00e4lt gegen Rathgeber und Zillner (63.) die Null fest. Dann schalten die Schwarz-Gelben wieder einen Gang h\u00f6her. Bis zum Schlusspfiff geht es munter rauf und runter.<\/p>\n<p>Ein 0:0 der besseren Sorte&#8230;<\/p>\n","protected":false},"excerpt":{"rendered":"\u201eDynamo Dresden vor 15 Jahren\u201c ist eine Serie, in der BILD historische Artikel wieder zum Leben erweckt. Lesen&hellip;\n","protected":false},"author":2,"featured_media":30882,"comment_status":"","ping_status":"","sticky":false,"template":"","format":"standard","meta":{"footnotes":""},"categories":[1835],"tags":[3364,29,2386,3766,30,3890,3891,859,45],"class_list":{"0":"post-30881","1":"post","2":"type-post","3":"status-publish","4":"format-standard","5":"has-post-thumbnail","7":"category-dresden","8":"tag-de","9":"tag-deutschland","10":"tag-dresden","11":"tag-dynamo-dresden","12":"tag-germany","13":"tag-graubrot","14":"tag-retro-geschichten","15":"tag-sachsen","16":"tag-texttospeech"},"share_on_mastodon":{"url":"https:\/\/pubeurope.com\/@de\/114335613164363130","error":""},"_links":{"self":[{"href":"https:\/\/www.europesays.com\/de\/wp-json\/wp\/v2\/posts\/30881","targetHints":{"allow":["GET"]}}],"collection":[{"href":"https:\/\/www.europesays.com\/de\/wp-json\/wp\/v2\/posts"}],"about":[{"href":"https:\/\/www.europesays.com\/de\/wp-json\/wp\/v2\/types\/post"}],"author":[{"embeddable":true,"href":"https:\/\/www.europesays.com\/de\/wp-json\/wp\/v2\/users\/2"}],"replies":[{"embeddable":true,"href":"https:\/\/www.europesays.com\/de\/wp-json\/wp\/v2\/comments?post=30881"}],"version-history":[{"count":0,"href":"https:\/\/www.europesays.com\/de\/wp-json\/wp\/v2\/posts\/30881\/revisions"}],"wp:featuredmedia":[{"embeddable":true,"href":"https:\/\/www.europesays.com\/de\/wp-json\/wp\/v2\/media\/30882"}],"wp:attachment":[{"href":"https:\/\/www.europesays.com\/de\/wp-json\/wp\/v2\/media?parent=30881"}],"wp:term":[{"taxonomy":"category","embeddable":true,"href":"https:\/\/www.europesays.com\/de\/wp-json\/wp\/v2\/categories?post=30881"},{"taxonomy":"post_tag","embeddable":true,"href":"https:\/\/www.europesays.com\/de\/wp-json\/wp\/v2\/tags?post=30881"}],"curies":[{"name":"wp","href":"https:\/\/api.w.org\/{rel}","templated":true}]}}