{"id":308811,"date":"2025-07-31T18:18:39","date_gmt":"2025-07-31T18:18:39","guid":{"rendered":"https:\/\/www.europesays.com\/de\/308811\/"},"modified":"2025-07-31T18:18:39","modified_gmt":"2025-07-31T18:18:39","slug":"nordrhein-westfalen-vfl-bochum-vor-saisonstart-hecking-ohne-prognose","status":"publish","type":"post","link":"https:\/\/www.europesays.com\/de\/308811\/","title":{"rendered":"Nordrhein-Westfalen: VfL Bochum vor Saisonstart: Hecking ohne Prognose"},"content":{"rendered":"<p>                    Nordrhein-Westfalen<br \/>\n                VfL Bochum vor Saisonstart: Hecking ohne Prognose<\/p>\n<p>\t\t\t\t              31.07.2025, 13:13 Uhr<\/p>\n<p><strong>Dieter Hecking geht mit Vorsicht in die neue Zweitliga-Saison des VfL Bochum. Zu gro\u00df sei die Unberechenbarkeit der Liga. Bei den Trikots muss der Verein indes noch einmal nachbessern.<\/strong><\/p>\n<p>Bochum (dpa\/lnw) &#8211; Trainer Dieter Hecking h\u00e4lt sich mit konkreten Zielvorgaben f\u00fcr den Bundesliga-Absteiger VfL Bochum vor dem Saisonstart zur\u00fcck. &#8222;Ich wage am Saisonanfang nie eine Prognose&#8220;, sagte der 60-J\u00e4hrige vor dem Auftakt am Samstag beim SV Darmstadt 98 (13.00 Uhr\/Sky). &#8222;Nur weil wir von der Bundesliga runter kommen, sind wir nicht gleich wieder Favorit. Aber klar sind wir vielleicht eine der Mannschaften, denen man das zutraut.&#8220;<\/p>\n<p>Die 2. Liga sei &#8222;ganz schwer einsch\u00e4tzbar&#8220;, sagte Hecking. &#8222;Da kannst du nicht genau sagen, wer spielt oben und ich w\u00fcsste auch nicht, wer unten spielen soll, weil alle Kader eine gute Grundqualit\u00e4t haben.&#8220; Der VfL m\u00fcsse auf sich gucken und einen guten Start hinlegen. &#8222;Dann m\u00fcssen wir abwarten, wie rumpelt sich die Liga zusammen und was passiert noch auf dem Transfermarkt.&#8220; Stand jetzt werde der VfL hier nicht mehr aktiv, so Hecking. Der Kader sei so aktuell gut.<\/p>\n<p>Nachbessern muss der Verein indes in Sachen Trikots. Wie ein Vereinssprecher erkl\u00e4rte, habe die DFL &#8222;ein bisschen was an unseren Trikots moniert&#8220;. Dabei gehe es um die Trikots von Mittelfeldspieler Ibrahima Sissoko und St\u00fcrmer-Neuzugang Ibrahim Sissoko. &#8222;Jeweils Sissoko war nicht genug und wir m\u00fcssen da eine Unterscheidung treffen&#8220;, erkl\u00e4rte der Sprecher. Beim Neuzugang mit der R\u00fcckennummer 6 werde daher vor dem Nachnamen ein &#8222;I.&#8220; erg\u00e4nzt.<\/p>\n","protected":false},"excerpt":{"rendered":"Nordrhein-Westfalen VfL Bochum vor Saisonstart: Hecking ohne Prognose 31.07.2025, 13:13 Uhr Dieter Hecking geht mit Vorsicht in die&hellip;\n","protected":false},"author":2,"featured_media":308812,"comment_status":"","ping_status":"","sticky":false,"template":"","format":"standard","meta":{"footnotes":""},"categories":[1839],"tags":[7507,3364,29,30,16308,1209,20794,3377,13371],"class_list":{"0":"post-308811","1":"post","2":"type-post","3":"status-publish","4":"format-standard","5":"has-post-thumbnail","7":"category-bochum","8":"tag-bochum","9":"tag-de","10":"tag-deutschland","11":"tag-germany","12":"tag-hecking","13":"tag-nordrhein-westfalen","14":"tag-prognose","15":"tag-saisonstart","16":"tag-vfl"},"share_on_mastodon":{"url":"https:\/\/pubeurope.com\/@de\/114949227039887096","error":""},"_links":{"self":[{"href":"https:\/\/www.europesays.com\/de\/wp-json\/wp\/v2\/posts\/308811","targetHints":{"allow":["GET"]}}],"collection":[{"href":"https:\/\/www.europesays.com\/de\/wp-json\/wp\/v2\/posts"}],"about":[{"href":"https:\/\/www.europesays.com\/de\/wp-json\/wp\/v2\/types\/post"}],"author":[{"embeddable":true,"href":"https:\/\/www.europesays.com\/de\/wp-json\/wp\/v2\/users\/2"}],"replies":[{"embeddable":true,"href":"https:\/\/www.europesays.com\/de\/wp-json\/wp\/v2\/comments?post=308811"}],"version-history":[{"count":0,"href":"https:\/\/www.europesays.com\/de\/wp-json\/wp\/v2\/posts\/308811\/revisions"}],"wp:featuredmedia":[{"embeddable":true,"href":"https:\/\/www.europesays.com\/de\/wp-json\/wp\/v2\/media\/308812"}],"wp:attachment":[{"href":"https:\/\/www.europesays.com\/de\/wp-json\/wp\/v2\/media?parent=308811"}],"wp:term":[{"taxonomy":"category","embeddable":true,"href":"https:\/\/www.europesays.com\/de\/wp-json\/wp\/v2\/categories?post=308811"},{"taxonomy":"post_tag","embeddable":true,"href":"https:\/\/www.europesays.com\/de\/wp-json\/wp\/v2\/tags?post=308811"}],"curies":[{"name":"wp","href":"https:\/\/api.w.org\/{rel}","templated":true}]}}