{"id":30915,"date":"2025-04-14T09:49:14","date_gmt":"2025-04-14T09:49:14","guid":{"rendered":"https:\/\/www.europesays.com\/de\/30915\/"},"modified":"2025-04-14T09:49:14","modified_gmt":"2025-04-14T09:49:14","slug":"brandenburg-berlin-brandenburger-und-berliner-jusos-lehnen-koalitionsvertrag-ab","status":"publish","type":"post","link":"https:\/\/www.europesays.com\/de\/30915\/","title":{"rendered":"Brandenburg Berlin: Brandenburger und Berliner Jusos lehnen Koalitionsvertrag ab"},"content":{"rendered":"<p class=\"metatextline\">Stand: 14.04.2025 11:21 Uhr<\/p>\n<p class=\"textabsatz m-ten m-offset-one l-eight l-offset-two columns twelve\">\nDer Brandenburger Juso-Vorsitzende Leonel Richy Andicene lehnt den Koalitionsvertrag von Union und SPD im Bund ab. F\u00fcr ihn stecke zu wenig SPD darin, sagte Andicene am Montag dem rbb. Das sei aber keine Empfehlung f\u00fcr den Landesverband.<br \/>\u00a0<br \/>Zuvor hatte Andicene dem Nachrichtenportal &#8222;Politico&#8220; gegen\u00fcber erkl\u00e4rt, der Vertrag entspreche in zentralen Punkten<a href=\"https:\/\/www.rbb24.de\/politik\/beitrag\/2025\/04\/brandenburg-auswirkungen-schwarz-rot-koalitionsvertrag.html\" title=\" in den Bereichen Migration, Arbeit und Soziales\" class=\"textlink--extern\" target=\"_blank\" rel=\"noopener nofollow\"> in den Bereichen Migration, Arbeit und Soziales<\/a> nicht den Grund\u00fcberzeugungen eines sozialistischen Jugendverbands.<\/p>\n<p>            <img loading=\"lazy\" decoding=\"async\" class=\"ts-image\" src=\"https:\/\/www.europesays.com\/de\/wp-content\/uploads\/2025\/04\/rbb-247396082-100.jpg\" alt=\"05.07.2021 Windenergieanlagen im Windpark \u00abOdervorland\u00bb im Landkreis Oder-Spree in Ostbrandenburg\" title=\"247396082 | dpa-Zentralbild\"\/><\/p>\n<p>Das bedeutet der schwarz-rote Koalitionsvertrag f\u00fcr Brandenburg<\/p>\n<p>            Union und SPD versprechen auf mehr als 140 Seiten Koalitionsvertrag viel &#8211; und nicht weniger als einen Politikwechsel. Acht Themenfelder sind f\u00fcr Brandenburg von besonderer regionaler Bedeutung. Von Hanno Christ <a href=\"https:\/\/www.rbb24.de\/politik\/beitrag\/2025\/04\/brandenburg-auswirkungen-schwarz-rot-koalitionsvertrag.html\" title=\"mehr\" class=\"textlink--extern\" target=\"_blank\" rel=\"noopener nofollow\">mehr<\/a><\/p>\n<p>    Berliner Jusos: &#8222;rote Linien \u00fcberschritten&#8220;<\/p>\n<p class=\"textabsatz m-ten m-offset-one l-eight l-offset-two columns twelve\">\nNeben den Brandenburgern haben sich auch andere Juso-Landesverb\u00e4nde ablehnend gegen\u00fcber der Koalitionsvereinbarung ge\u00e4u\u00dfert. &#8222;Wir werden dem nicht zustimmen&#8220;, k\u00fcndigte die Berliner Juso-Chefin Svenja Diedrich an. &#8222;Aus unserer Sicht wurden mehrere roten Linien \u00fcberschritten&#8220;.<br \/>\u00a0<br \/>Gegen\u00fcber der Deutschen Presse-Agentur nannte sie die vereinbarten Versch\u00e4rfungen in der Migrations- und Fl\u00fcchtlingspolitik. Die Berliner Jusos seien au\u00dferdem auch gegen die R\u00fcckabwicklung des B\u00fcrgergelds.<br \/>\u00a0<br \/>Von Mitternacht an k\u00f6nnen alle gut 358.000 SPD-Mitglieder in Deutschland zwei Wochen lang online \u00fcber den Koalitionsvertrag abstimmen. Bei der CDU entscheidet Ende des Monats ein Kleiner Parteitag \u00fcber eine m\u00f6gliche schwarz-rote Regierung. Die CSU hat dem Koalitionsvertrag bereits zugestimmt.<\/p>\n<p>    Berliner SPD-Spitze wirbt f\u00fcr Ja<\/p>\n<p class=\"textabsatz m-ten m-offset-one l-eight l-offset-two columns twelve\">\nDie Berliner SPD-Spitze hat den Sozialdemokraten in der Hauptstadt derweil empfohlen, dem Koalitionsvertrag zuzustimmen. Das teilten die Landesvorsitzenden Nicola B\u00f6cker-Giannini und Martin Hikel mit, nachdem sich der gesch\u00e4ftsf\u00fchrende Landesvorstand mit dem Entwurf des Koalitionsvertrags befasst hatte.<br \/>\u00a0<br \/>Hikel sagte am Montag im rbb24 Inforadio, es gebe gute Gr\u00fcnde, den Koalitionsvertrag anzunehmen. Die SPD habe sehr viel erreicht. Als Beispiele nannte er etwa die Verl\u00e4ngerung der Mietpreisbremse und die Fortsetzung des Deutschlandtickets. Dass die Jusos in Berlin und Brandenburg einen CDU-Kanzler Merz ablehnten, sei ein &#8222;nat\u00fcrlicher Reflex&#8220;.<br \/>\u00a0<br \/>&#8222;Eine demokratische Koalition ist aktuell nur mit CDU, CSU und SPD m\u00f6glich&#8220;, erkl\u00e4rte B\u00f6cker-Giannini. Aufgabe dieses B\u00fcndnisses werde es sein, das Vertrauen in die Demokratie zu st\u00e4rken.<\/p>\n<p class=\"textabsatz m-ten m-offset-one l-eight l-offset-two columns twelve\">\nSendung: rbb24 Inforadio, 14.04.2025, 08:40 Uhr<\/p>\n<p>                                        <a class=\"backlink__link\" href=\"https:\/\/www.rbb24.de\/politik\/beitrag\/2025\/04\/brandenburg-jusos-gegen-koalitionsvertrag-cdu-spd.html\" rel=\"nofollow noopener\" target=\"_blank\"><\/p>\n<p>                                                <img loading=\"lazy\" decoding=\"async\" alt=\"Rundfunk Berlin-Brandenburg\" src=\"https:\/\/www.europesays.com\/de\/wp-content\/uploads\/2025\/04\/1743587833_143_lra-rbb-logo-100.svg.svg+xml\" height=\"40\" width=\"40\"\/><\/p>\n<p>                                        <\/a><\/p>\n","protected":false},"excerpt":{"rendered":"Stand: 14.04.2025 11:21 Uhr Der Brandenburger Juso-Vorsitzende Leonel Richy Andicene lehnt den Koalitionsvertrag von Union und SPD im&hellip;\n","protected":false},"author":2,"featured_media":30916,"comment_status":"","ping_status":"","sticky":false,"template":"","format":"standard","meta":{"footnotes":""},"categories":[1816],"tags":[1960,1958,1959,1957,296,1956,1890,29,30,2239],"class_list":{"0":"post-30915","1":"post","2":"type-post","3":"status-publish","4":"format-standard","5":"has-post-thumbnail","7":"category-brandenburg","8":"tag-aktuelle-nachrichten-aus-berlin-und-brandenburg","9":"tag-aktuelle-nachrichten-aus-brandenburg","10":"tag-aktuelle-news-aus-berlin-und-brandenburg","11":"tag-aktuelle-news-aus-brandenburg","12":"tag-berlin","13":"tag-berlin-und-brandenburg","14":"tag-brandenburg","15":"tag-deutschland","16":"tag-germany","17":"tag-rbb"},"share_on_mastodon":{"url":"https:\/\/pubeurope.com\/@de\/114335695743217465","error":""},"_links":{"self":[{"href":"https:\/\/www.europesays.com\/de\/wp-json\/wp\/v2\/posts\/30915","targetHints":{"allow":["GET"]}}],"collection":[{"href":"https:\/\/www.europesays.com\/de\/wp-json\/wp\/v2\/posts"}],"about":[{"href":"https:\/\/www.europesays.com\/de\/wp-json\/wp\/v2\/types\/post"}],"author":[{"embeddable":true,"href":"https:\/\/www.europesays.com\/de\/wp-json\/wp\/v2\/users\/2"}],"replies":[{"embeddable":true,"href":"https:\/\/www.europesays.com\/de\/wp-json\/wp\/v2\/comments?post=30915"}],"version-history":[{"count":0,"href":"https:\/\/www.europesays.com\/de\/wp-json\/wp\/v2\/posts\/30915\/revisions"}],"wp:featuredmedia":[{"embeddable":true,"href":"https:\/\/www.europesays.com\/de\/wp-json\/wp\/v2\/media\/30916"}],"wp:attachment":[{"href":"https:\/\/www.europesays.com\/de\/wp-json\/wp\/v2\/media?parent=30915"}],"wp:term":[{"taxonomy":"category","embeddable":true,"href":"https:\/\/www.europesays.com\/de\/wp-json\/wp\/v2\/categories?post=30915"},{"taxonomy":"post_tag","embeddable":true,"href":"https:\/\/www.europesays.com\/de\/wp-json\/wp\/v2\/tags?post=30915"}],"curies":[{"name":"wp","href":"https:\/\/api.w.org\/{rel}","templated":true}]}}