{"id":30931,"date":"2025-04-14T09:59:15","date_gmt":"2025-04-14T09:59:15","guid":{"rendered":"https:\/\/www.europesays.com\/de\/30931\/"},"modified":"2025-04-14T09:59:15","modified_gmt":"2025-04-14T09:59:15","slug":"ep-schoenhauser-aus-dem-stand-auf-platz-eins-zartmann-ueberfluegelt-elton-john","status":"publish","type":"post","link":"https:\/\/www.europesays.com\/de\/30931\/","title":{"rendered":"EP \u201eSch\u00f6nhauser\u201c aus dem Stand auf Platz eins: Zartmann \u00fcberfl\u00fcgelt Elton John"},"content":{"rendered":"<p class=\"tspB1l3 tspB1l4\">Selbst Superstar Elton John muss ihn vorbeilassen: \u00dcberflieger Zartmann hat mit seiner <a href=\"https:\/\/www.tagesspiegel.de\/berlin\/musik-zartmann-bewundere-leute-die-offen-ihre-emotionen-zeigen-13465375.html\" class=\"link link--internal\" data-gtm-class=\"article-text-link\" data-gtm-val=\"internal\" target=\"_blank\" rel=\"noopener\">EP \u201eSch\u00f6nhauser\u201c aus dem Stand<\/a><a href=\"https:\/\/www.tagesspiegel.de\/berlin\/musik-zartmann-bewundere-leute-die-offen-ihre-emotionen-zeigen-13465375.html\" class=\"link link--internal\" data-gtm-class=\"article-text-link\" data-gtm-val=\"internal\" target=\"_blank\" rel=\"noopener\"> Platz eins<\/a> in Deutschland erobert.<\/p>\n<p class=\"tspB1l3\">Die EP erschien am vergangenen Freitag, das Release-Konzert feierte Zartmann am Montag im Huxleys. Urspr\u00fcnglich war geplant, das Konzert im \u201eMetropol\u201c am Nollendorfplatz zu spielen. Aufgrund einer Millionenspende des \u201eMetropol\u201c-Eigent\u00fcmers Henning Conle an die AfD entschied sich <a href=\"https:\/\/www.tagesspiegel.de\/berlin\/hauseigentumer-ist-mutmasslicher-afd-grossspender-berliner-musiker-zartmann-sagt-konzert-im-club-metropol-ab-13386853.html\" class=\"link link--internal\" data-gtm-class=\"article-text-link\" data-gtm-val=\"internal\" target=\"_blank\" rel=\"noopener\">Zartmann, den Auftritt verlegen<\/a> zu lassen.  <\/p>\n<p><a href=\"https:\/\/abo.tagesspiegel.de\/tagesspiegel-app?icid=single-topic_13530646___\" data-gtm-class=\"article-mzt-link\" class=\"tspCMn7\" target=\"_blank\" rel=\"noopener\">Die Tagesspiegel-App Aktuelle Nachrichten, Hintergr\u00fcnde und Analysen direkt auf Ihr Smartphone. Dazu die digitale Zeitung. Hier gratis herunterladen.  <\/a><\/p>\n<p class=\"tspB1l3\">\u201eDer Berliner wird zum Chartmann und f\u00fchrt erstmals die Offiziellen Deutschen Album-Charts, ermittelt von GfK Entertainment, an\u201c, teilen die Charts-Ermittler am Freitag mit. Auf dem Album befindet sich auch der bereits im Januar ver\u00f6ffentlichte Nummer-eins-Hit \u201etau mich auf\u201c und die musikalische Zusammenarbeit mit Max Raabe \u201elass es gehen\u201c.<\/p>\n<p class=\"tspB1l3\">Der Berliner Musiker, der im vergangenen Sommer auf vielen Festivals zu h\u00f6ren war, hat gerade einen Lauf: Nachdem er vor einer Woche seine ausverkaufte Tour durch Deutschland und \u00d6sterreich in Konstanz beendet hatte, war er am Freitagabend im <a href=\"https:\/\/www.youtube.com\/watch?v=JwizhWabbyY\" target=\"_blank\" rel=\"noopener\" class=\"link link--external\" data-gtm-class=\"article-text-link\" data-gtm-val=\"external\" aria-describedby=\"message-target-blank\">\u201eZDF-Magazin Royal\u201c bei Jan B\u00f6hmermann zu Gast<\/a>. Dort performte er mit dem Rundfunk-Tanzorchester Ehrenfeld zwei Songs von der EP: \u201ewann schreib ich einen song \u00fcber dich\u201c und \u201etau mich auf\u201c.  <\/p>\n<p class=\"tspTef\">Empfohlener redaktioneller Inhalt<\/p>\n<p> An dieser Stelle finden Sie einen von unseren Redakteuren ausgew\u00e4hlten, externen Inhalt, der den Artikel f\u00fcr Sie mit zus\u00e4tzlichen Informationen anreichert. Sie k\u00f6nnen sich hier den externen Inhalt mit einem Klick anzeigen lassen oder wieder ausblenden. <\/p>\n<p> Externen Inhalt anzeigen <\/p>\n<p class=\"tspTel\"> Ich bin damit einverstanden, dass mir der externe Inhalt angezeigt wird. Damit k\u00f6nnen personenbezogene Daten an Drittplattformen \u00fcbermittelt werden.  Mehr Informationen dazu erhalten Sie in den Datenschutz-Einstellungen. Diese finden Sie ganz unten auf unserer Seite im Footer, sodass Sie Ihre Einstellungen jederzeit verwalten oder widerrufen k\u00f6nnen. <\/p>\n<p class=\"tspB1l3\">Gemeinsam mit <a>Olli Schulz<\/a> schw\u00e4rmte B\u00f6hmermann kurz danach in ihrem gemeinsamen <a href=\"https:\/\/www.tagesspiegel.de\/berlin\/show-von-bohmermann-und-schulz-weitermachen-trotz-allem-12915997.html\" class=\"link link--internal\" data-gtm-class=\"article-text-link\" data-gtm-val=\"internal\" target=\"_blank\" rel=\"noopener\">Podcast \u201eFest und flauschig\u201c<\/a> am Sonntag \u00fcber den Musiker aus Berlin, seine unkomplizierte Art und die Leichtigkeit seiner Songs. <\/p>\n<p class=\"tspB1l3\">Die Zartmann-Tour im n\u00e4chsten Jahr findet in deutlich gr\u00f6\u00dferen Hallen statt, in Berlin soll der Musiker im M\u00e4rz 2026 in der Max-Schmeling-Halle spielen.<\/p>\n<p class=\"tspB1l3\">Platz zwei in den Charts und ebenfalls Neueinsteiger sind Elton John und die US-Singer-Songwriterin Brandi Carlile mit \u201eWho Believes In Angels?\u201c. Rang drei geht an den Rapper Jazeek (\u201eMost Valuable Playa\u201c), der vierte Platz an Soundt\u00fcftler DJ Koze (\u201eMusic Can Hear Us\u201c) und Platz f\u00fcnf an die Hip-Hopper PA Sports (\u201eParham\u201c).<\/p>\n<p class=\"tspB1l3\">Das Duo O&#8217;Bros, das modernen Hip-Hop mit christlichen Botschaften verbindet, st\u00fcrzt derweil ab \u2013 von Platz eins in der Vorwoche nun auf Rang 51. US-Musikerin Tracy Chapman schafft es mit der Vinyl-Neuauflage ihres Deb\u00fctalbums \u201eTracy Chapman\u201c von 1988 erneut in die Charts \u2013 und zwar auf Platz elf.<\/p>\n<p> Mehr zum Thema Musik aus Berlin <a href=\"https:\/\/www.tagesspiegel.de\/kultur\/ski-aggus-letze-tour-das-publikum-brullt-ganz-berlin-hasst-die-afd-12600083.html?icid=topic-list_13530646___\" data-gtm-class=\"article-mzt-link\" class=\"tspCMn7\" target=\"_blank\" rel=\"noopener\">Ski Aggus letzte Tour Das Publikum br\u00fcllt \u201eganz Berlin hasst die AfD\u201c  <\/a><a href=\"https:\/\/www.tagesspiegel.de\/gesellschaft\/die-neue-empfindsamkeit-eine-generation-zeigt-gefuhle-12784964.html?icid=topic-list_13530646___\" data-gtm-class=\"article-mzt-link\" class=\"tspCMn7\" target=\"_blank\" rel=\"noopener\">Scheue Deutsche Welle Wieso zeigen j\u00fcngere Musiker so hemmungslos Gef\u00fchle? <\/a><a href=\"https:\/\/www.tagesspiegel.de\/kultur\/emotionen-sind-mein-kompass-der-musiker-zartmann-uber-knebelvertrage-identitat-und-die-lust-zu-feiern-13283491.html?icid=topic-list_13530646___\" data-gtm-class=\"article-mzt-link\" class=\"tspCMn7\" target=\"_blank\" rel=\"noopener\">\u201eEmotionen sind mein Kompass\u201c Der Musiker Zartmann \u00fcber Knebelvertr\u00e4ge, Identit\u00e4t und die Lust, zu feiern <\/a><\/p>\n<p class=\"tspB1l3\">In den Single-Charts gibt es erneut eine neue Nummer eins: Der Rapper Jazeek schnellt mit \u201eAkon\u201c eindrucksvoll von null auf eins. Er l\u00f6st Vorwochensieger Zartmann ab (\u201etau mich auf\u201c, jetzt auf zwei), der daf\u00fcr nun die Album-Charts anf\u00fchrt. (tsp\/dpa)<\/p>\n","protected":false},"excerpt":{"rendered":"Selbst Superstar Elton John muss ihn vorbeilassen: \u00dcberflieger Zartmann hat mit seiner EP \u201eSch\u00f6nhauser\u201c aus dem Stand Platz&hellip;\n","protected":false},"author":2,"featured_media":30932,"comment_status":"","ping_status":"","sticky":false,"template":"","format":"standard","meta":{"footnotes":""},"categories":[1772],"tags":[29,214,527,30,1779,810,17001,526,530,17002,528,2271,215],"class_list":{"0":"post-30931","1":"post","2":"type-post","3":"status-publish","4":"format-standard","5":"has-post-thumbnail","7":"category-musik","8":"tag-deutschland","9":"tag-entertainment","10":"tag-friedrichshain-kreuzberg","11":"tag-germany","12":"tag-music","13":"tag-musik","14":"tag-musikgruppe","15":"tag-neukoelln","16":"tag-pankow","17":"tag-rock-pop","18":"tag-tempelhof-schoeneberg","19":"tag-u-musik","20":"tag-unterhaltung"},"share_on_mastodon":{"url":"https:\/\/pubeurope.com\/@de\/114335735126953463","error":""},"_links":{"self":[{"href":"https:\/\/www.europesays.com\/de\/wp-json\/wp\/v2\/posts\/30931","targetHints":{"allow":["GET"]}}],"collection":[{"href":"https:\/\/www.europesays.com\/de\/wp-json\/wp\/v2\/posts"}],"about":[{"href":"https:\/\/www.europesays.com\/de\/wp-json\/wp\/v2\/types\/post"}],"author":[{"embeddable":true,"href":"https:\/\/www.europesays.com\/de\/wp-json\/wp\/v2\/users\/2"}],"replies":[{"embeddable":true,"href":"https:\/\/www.europesays.com\/de\/wp-json\/wp\/v2\/comments?post=30931"}],"version-history":[{"count":0,"href":"https:\/\/www.europesays.com\/de\/wp-json\/wp\/v2\/posts\/30931\/revisions"}],"wp:featuredmedia":[{"embeddable":true,"href":"https:\/\/www.europesays.com\/de\/wp-json\/wp\/v2\/media\/30932"}],"wp:attachment":[{"href":"https:\/\/www.europesays.com\/de\/wp-json\/wp\/v2\/media?parent=30931"}],"wp:term":[{"taxonomy":"category","embeddable":true,"href":"https:\/\/www.europesays.com\/de\/wp-json\/wp\/v2\/categories?post=30931"},{"taxonomy":"post_tag","embeddable":true,"href":"https:\/\/www.europesays.com\/de\/wp-json\/wp\/v2\/tags?post=30931"}],"curies":[{"name":"wp","href":"https:\/\/api.w.org\/{rel}","templated":true}]}}