{"id":309881,"date":"2025-08-01T04:18:11","date_gmt":"2025-08-01T04:18:11","guid":{"rendered":"https:\/\/www.europesays.com\/de\/309881\/"},"modified":"2025-08-01T04:18:11","modified_gmt":"2025-08-01T04:18:11","slug":"stuttgarter-buero-chaos-konzeptloses-vorgehen-stuttgart","status":"publish","type":"post","link":"https:\/\/www.europesays.com\/de\/309881\/","title":{"rendered":"Stuttgarter B\u00fcro-Chaos: Konzeptloses Vorgehen &#8211; Stuttgart"},"content":{"rendered":"<p>Rein in die Kartoffeln, raus aus den Kartoffeln. So l\u00e4sst sich am besten <a href=\"https:\/\/www.stuttgarter-zeitung.de\/inhalt.neues-verwaltungszentrum-alte-bahndirektion-ist-wieder-im-rennen.1553207d-27f2-46c4-8fe4-dd4ad7ed240c.html\" target=\"_blank\" rel=\"noopener\">die Vorgehensweise der Stuttgarter Rathausspitze<\/a> bei ihrem Versuch beschreiben, f\u00fcr etwa 1500 Mitarbeiter und die B\u00fcrgerschaft ein neues <a href=\"https:\/\/www.stuttgarter-zeitung.de\/inhalt.staedtische-bueros-statt-haus-der-kulturen-zieht-die-stadt-in-das-kaufhofgebaeude.82fb9a9f-ab0f-427c-9aa6-2ab4d2b448b8.html\" target=\"_blank\" rel=\"noopener\">Verwaltungs- und Servicezentrum <\/a>zu realisieren. Nachdem sich OB Frank Nopper (CDU) mit dem Gesamtpersonalratsvorsitzenden Tomas Brause im Schlepptau v\u00f6llig \u00fcberraschend Ende April in einem Brief an die Belegschaft von dem Projekt \u201eAlte Bahndirektion\u201c in der J\u00e4gerstra\u00dfe verabschiedet und sich dem allerdings f\u00fcr eine ganz andere Nutzung reservierten <a href=\"https:\/\/www.stuttgarter-zeitung.de\/inhalt.verwaltungszentrum-stuttgart-kaufhof-oder-bahndirektion-noch-fehlen-informationen.57154af5-8059-4196-8fa1-612f54973c42.html\" target=\"_blank\" rel=\"noopener\">Kaufhof-Geb\u00e4ude in der Eberhardstra\u00dfe<\/a> zugewandt hatte, ist das Areal gegen\u00fcber dem Hauptbahnhof pl\u00f6tzlich wieder \u201eim Rennen\u201c.<\/p>\n<p>Das ist sch\u00f6n formuliert, denn es gibt Stand heute keine Alternative, die es beim Planungsfortschritt, der angestrebten Klimaneutralit\u00e4t der Neubauten und dem angestrebten Realisierungszeitraum mit dem Projekt der P+B Group aufnehmen k\u00f6nnte. Die Argumente, die f\u00fcr die Abkehr von der Bahndirektion ins Feld gef\u00fchrt wurden, erscheinen zudem reichlich konstruiert. Das belegt der Schriftverkehr seitens des Eisenbahnbundesamtes. Dass mit dieser Taktik der Preis gedr\u00fcckt werden konnte, l\u00e4sst sich auch nicht beweisen. <\/p>\n<p>Wom\u00f6glich geht nach der Sommerpause der acht Jahre alte Wunsch des Gesamtpersonalrats in Erf\u00fcllung, notwendige Arbeitspl\u00e4tze samt Kita, Kantine und irgendwann auch mit Betriebswohnungen an zentraler Stelle anbieten zu k\u00f6nnen, um die Attraktivit\u00e4t der Verwaltung als Arbeitgeberin zu steigern. Die Warnung ist deutlich: Komme die Rathausspitze nicht endlich zu Potte, sei zum H\u00f6hepunkt des demografischen Wandels 2035 die Daseinsvorsorge in <a href=\"https:\/\/www.stuttgarter-zeitung.de\/thema\/Stuttgart\" title=\"Stuttgart\" class=\"art_thema\" target=\"_blank\" rel=\"noopener\">Stuttgart<\/a> nicht mehr gew\u00e4hrleistet. \u201eBahn frei f\u00fcr das Gel\u00e4nde Alte Bahndirektion\u201c haben die Besch\u00e4ftigten deshalb formuliert. <\/p>\n<p>  <img decoding=\"async\" loading=\"lazy\" src=\"https:\/\/www.europesays.com\/de\/wp-content\/uploads\/2025\/08\/media.media.10c6e0c2-b068-4437-868a-236ccdf0dbdd.original1024.media.jpeg\"\/>     Die alte Bahndirektion gegen\u00fcber dem Hauptbahnhof.    Foto: Lichtgut    Belegungskonzept gefordert <\/p>\n<p>Damit ist aber auch nur ein Teil der Hausaufgaben erledigt. St\u00e4dtische B\u00fcros sind \u00fcber die ganze Stadt verteilt. Viele Geb\u00e4ude sind sanierungsbed\u00fcrftig und sollten zumindest vor\u00fcbergehend ger\u00e4umt, manche auch aufgegeben und auch verkauft werden. Gleichzeitig werden B\u00fcros f\u00fcr Interims- und Dauernutzungen angemietet. Wer sich jetzt aber vorstellt, es g\u00e4be daf\u00fcr ein Gesamtkonzept, t\u00e4uscht sich. Eine \u00dcbersicht \u00fcber Angebot und Nachfrage zu erstellen, w\u00e4re ein lohnendes Gesellenst\u00fcck f\u00fcr den neuen Liegenschaftsamtsleiter Raffael S\u00e4nger.<\/p>\n","protected":false},"excerpt":{"rendered":"Rein in die Kartoffeln, raus aus den Kartoffeln. So l\u00e4sst sich am besten die Vorgehensweise der Stuttgarter Rathausspitze&hellip;\n","protected":false},"author":2,"featured_media":309447,"comment_status":"","ping_status":"","sticky":false,"template":"","format":"standard","meta":{"footnotes":""},"categories":[1830],"tags":[1634,26870,26767,3364,29,30,4693,3074,89098,2218,1441,9634,85897,89097],"class_list":{"0":"post-309881","1":"post","2":"type-post","3":"status-publish","4":"format-standard","5":"has-post-thumbnail","7":"category-stuttgart","8":"tag-baden-wuerttemberg","9":"tag-bahndirektion","10":"tag-bueros","11":"tag-de","12":"tag-deutschland","13":"tag-germany","14":"tag-kommentar","15":"tag-meinung","16":"tag-nopper","17":"tag-rathaus","18":"tag-stuttgart","19":"tag-stuttgart-21","20":"tag-textmanager","21":"tag-verwaltungszentrum"},"share_on_mastodon":{"url":"https:\/\/pubeurope.com\/@de\/114951586299299046","error":""},"_links":{"self":[{"href":"https:\/\/www.europesays.com\/de\/wp-json\/wp\/v2\/posts\/309881","targetHints":{"allow":["GET"]}}],"collection":[{"href":"https:\/\/www.europesays.com\/de\/wp-json\/wp\/v2\/posts"}],"about":[{"href":"https:\/\/www.europesays.com\/de\/wp-json\/wp\/v2\/types\/post"}],"author":[{"embeddable":true,"href":"https:\/\/www.europesays.com\/de\/wp-json\/wp\/v2\/users\/2"}],"replies":[{"embeddable":true,"href":"https:\/\/www.europesays.com\/de\/wp-json\/wp\/v2\/comments?post=309881"}],"version-history":[{"count":0,"href":"https:\/\/www.europesays.com\/de\/wp-json\/wp\/v2\/posts\/309881\/revisions"}],"wp:featuredmedia":[{"embeddable":true,"href":"https:\/\/www.europesays.com\/de\/wp-json\/wp\/v2\/media\/309447"}],"wp:attachment":[{"href":"https:\/\/www.europesays.com\/de\/wp-json\/wp\/v2\/media?parent=309881"}],"wp:term":[{"taxonomy":"category","embeddable":true,"href":"https:\/\/www.europesays.com\/de\/wp-json\/wp\/v2\/categories?post=309881"},{"taxonomy":"post_tag","embeddable":true,"href":"https:\/\/www.europesays.com\/de\/wp-json\/wp\/v2\/tags?post=309881"}],"curies":[{"name":"wp","href":"https:\/\/api.w.org\/{rel}","templated":true}]}}