{"id":310005,"date":"2025-08-01T05:31:10","date_gmt":"2025-08-01T05:31:10","guid":{"rendered":"https:\/\/www.europesays.com\/de\/310005\/"},"modified":"2025-08-01T05:31:10","modified_gmt":"2025-08-01T05:31:10","slug":"rot-weiss-essen-1860-muenchen-gratis-im-tv-so-sehen-sie-die-3-liga-heute-sport","status":"publish","type":"post","link":"https:\/\/www.europesays.com\/de\/310005\/","title":{"rendered":"Rot-Weiss Essen \u2013 1860 M\u00fcnchen GRATIS im TV: So sehen Sie die 3. Liga heute | Sport"},"content":{"rendered":"<p><b>Endlich geht&#8217;s wieder los!<\/b><\/p>\n<p>Am Freitagabend (19 Uhr) er\u00f6ffnen Rot-Weiss Essen und 1860 M\u00fcnchen die neue Saison der <a href=\"https:\/\/www.bild.de\/sport\/fussball\/3-liga\/home-15770732.bild.html\" class=\"text-link\" rel=\"nofollow noopener\" target=\"_blank\">3. Liga<\/a>. BILD verr\u00e4t Ihnen, wo Sie das Spiel im TV, Livestream und Live-Ticker verfolgen k\u00f6nnen. <\/p>\n<p>3. Liga: Rot-Weiss Essen \u2013 1860 M\u00fcnchen GRATIS im TV<\/p>\n<p>Auch in diesem Jahr \u00fcbertr\u00e4gt Magenta Sport ALLE 380 Partien der 3. Liga live. Das Auftaktspiel zwischen Rot-Weiss Essen und 1860 M\u00fcnchen wird live beim Streaminganbieter \u00fcbertragen. Ansto\u00df ist um 19 Uhr.<\/p>\n<p><b>Gute Nachricht f\u00fcr alle Fans: Magenta Sport zeigt den Auftakt zwar exklusiv, die Partie wird allerdings kostenfrei \u00fcbertragen. Ein Abo ist nicht notwendig!<\/b><\/p>\n<p>Sie k\u00f6nnen RWE gegen 1860 M\u00fcnchen nicht <a href=\"https:\/\/www.bild.de\/sport\/fussball\/fussball-heute-im-tv-livestream-qEYD7w34AxZwCfgZbXhX\" class=\"text-link\" rel=\"nofollow noopener\" target=\"_blank\">live vor dem TV verfolgen<\/a>? Kein Problem! Im <a href=\"https:\/\/sport.bild.de\/fussball\/3-liga\/ma11234372\/rot-weiss-essen_tsv-1860-muenchen\/liveticker\/\" target=\"_blank\" rel=\"noopener nofollow\" class=\"text-link--external text-link\">BILD.de-Liveticker<\/a> k\u00f6nnen Sie das komplette Spiel verfolgen.<\/p>\n<p>Mehr zum Thema<\/p>\n<p><b>F\u00fcr <\/b><a href=\"https:\/\/www.bild.de\/sport\/fussball\/1860-muenchen\/startseite-1860-muenchen-31148970.bild.html\" class=\"text-link\" rel=\"nofollow noopener\" target=\"_blank\"><b>1860 M\u00fcnchen<\/b><\/a><b> beginnt die Saison am Freitag in Essen. Zuvor konnten sich die L\u00f6wen im Testspiel mit 4:0 gegen Regensburg durchsetzen. Neuzugang und Ex-Nationalspieler Kevin Volland hatte die M\u00fcnchner per Doppelpack vor der Pause in F\u00fchrung gebracht (26. und 38.). <\/b><\/p>\n<p>Auch interessant<\/p>\n<p>Anzeige<\/p>\n<p>Auch interessant<\/p>\n<p>Anzeige<\/p>\n<p>1860-Trainer Patrick Gl\u00f6ckner nach dem Test gegen Regensburg: \u201eAm Freitag an der Hafenstra\u00dfe erwarte ich einen anderen Gegner, der pr\u00e4senter und vom Kopf her anders eingestellt ist. Da muss man erst mal sehen, was wir in der Lage sind zu bringen. Aber wenn wir so wie heute spielen, dann wird es schwer, uns zu schlagen.\u201c<\/p>\n<p>Gl\u00f6ckner: \u201eWir haben aus einem Guss gespielt. Es war unheimlich viel Spielfreude zu sehen, wir hatten geniale Klarheit auf den Positionen, jeder wusste, welche Position er einnehmen musste.\u201c<\/p>\n<p>1860-Gesch\u00e4ftsf\u00fchrer Dr. Christian Werner blickte zuletzt positiv auf die Saisonvorbereitung. Erkl\u00e4rte: \u201eEs war sicher von Vorteil, dass wir fast die komplette Vorbereitung die Mannschaft zusammen hatten. Mit Sicherheit ist die Breite des Kaders ein positiver Aspekt. Es ist auch sch\u00f6n, dass der eine oder andere Spieler von der Bank gezeigt hat, welche brutale Qualit\u00e4t er hat.\u201c<\/p>\n<p><b>Und: \u201eDie Vorbereitung ist gelungen, aber subsummarum z\u00e4hlt der Freitag!\u201c<\/b><\/p>\n","protected":false},"excerpt":{"rendered":"Endlich geht&#8217;s wieder los! Am Freitagabend (19 Uhr) er\u00f6ffnen Rot-Weiss Essen und 1860 M\u00fcnchen die neue Saison der&hellip;\n","protected":false},"author":2,"featured_media":310006,"comment_status":"","ping_status":"","sticky":false,"template":"","format":"standard","meta":{"footnotes":""},"categories":[1834],"tags":[5641,3364,29,996,3688,347,30,5639,1209,3714,1927,45,8811,684,19315],"class_list":{"0":"post-310005","1":"post","2":"type-post","3":"status-publish","4":"format-standard","5":"has-post-thumbnail","7":"category-essen","8":"tag-3-liga-spielbegegnung","9":"tag-de","10":"tag-deutschland","11":"tag-dritte-liga","12":"tag-essen","13":"tag-fussball","14":"tag-germany","15":"tag-magenta-sport","16":"tag-nordrhein-westfalen","17":"tag-rot-weiss-essen","18":"tag-sport-standard","19":"tag-texttospeech","20":"tag-tsv-1860-muenchen","21":"tag-tv","22":"tag-volland-kevin"},"share_on_mastodon":{"url":"https:\/\/pubeurope.com\/@de\/114951873068005967","error":""},"_links":{"self":[{"href":"https:\/\/www.europesays.com\/de\/wp-json\/wp\/v2\/posts\/310005","targetHints":{"allow":["GET"]}}],"collection":[{"href":"https:\/\/www.europesays.com\/de\/wp-json\/wp\/v2\/posts"}],"about":[{"href":"https:\/\/www.europesays.com\/de\/wp-json\/wp\/v2\/types\/post"}],"author":[{"embeddable":true,"href":"https:\/\/www.europesays.com\/de\/wp-json\/wp\/v2\/users\/2"}],"replies":[{"embeddable":true,"href":"https:\/\/www.europesays.com\/de\/wp-json\/wp\/v2\/comments?post=310005"}],"version-history":[{"count":0,"href":"https:\/\/www.europesays.com\/de\/wp-json\/wp\/v2\/posts\/310005\/revisions"}],"wp:featuredmedia":[{"embeddable":true,"href":"https:\/\/www.europesays.com\/de\/wp-json\/wp\/v2\/media\/310006"}],"wp:attachment":[{"href":"https:\/\/www.europesays.com\/de\/wp-json\/wp\/v2\/media?parent=310005"}],"wp:term":[{"taxonomy":"category","embeddable":true,"href":"https:\/\/www.europesays.com\/de\/wp-json\/wp\/v2\/categories?post=310005"},{"taxonomy":"post_tag","embeddable":true,"href":"https:\/\/www.europesays.com\/de\/wp-json\/wp\/v2\/tags?post=310005"}],"curies":[{"name":"wp","href":"https:\/\/api.w.org\/{rel}","templated":true}]}}