{"id":310173,"date":"2025-08-01T07:02:10","date_gmt":"2025-08-01T07:02:10","guid":{"rendered":"https:\/\/www.europesays.com\/de\/310173\/"},"modified":"2025-08-01T07:02:10","modified_gmt":"2025-08-01T07:02:10","slug":"bierabsatz-im-1-halbjahr-2025-um-63-niedriger-als-im-vorjahreszeitraum","status":"publish","type":"post","link":"https:\/\/www.europesays.com\/de\/310173\/","title":{"rendered":"Bierabsatz im 1. Halbjahr 2025 um 6,3 % niedriger als im Vorjahreszeitraum \/ &#8230;"},"content":{"rendered":"<p class=\"date\">01.08.2025 \u2013 08:00<\/p>\n<p class=\"customer\">\n                        <a class=\"story-customer\" title=\"weiter zum newsroom von Statistisches Bundesamt\" href=\"https:\/\/www.presseportal.de\/nr\/32102\" target=\"_blank\" rel=\"noopener\">Statistisches Bundesamt<\/a>\n                    <\/p>\n<p><a data-category=\"citylink-story-view\" data-action=\"click\" data-label=\"Citylink in Meldungsansicht\" class=\"story-city event-trigger\" href=\"https:\/\/www.presseportal.de\/regional\/WIESBADEN\" title=\"News aus WIESBADEN \" target=\"_blank\" rel=\"noopener\">WIESBADEN<\/a> (ots)<\/p>\n<p>Der Bierabsatz in Deutschland ist im 1. Halbjahr 2025 gegen\u00fcber dem Vorjahreszeitraum um 6,3 % oder 262 Millionen Liter auf rund 3,9 Milliarden Liter gesunken. Wie das Statistische Bundesamt (Destatis) mitteilt, fiel der Bierabsatz damit erstmals seit Beginn der Zeitreihe im Jahr 1993 in einem Halbjahr unter 4 Milliarden Liter. In den Zahlen sind alkoholfreie Biere und Malztrunk sowie das aus L\u00e4ndern au\u00dferhalb der Europ\u00e4ischen Union (EU) importierte Bier nicht enthalten.<\/p>\n<p><b>\u00c4hnlich starker R\u00fcckgang nur zu Beginn der Corona-Pandemie<\/b><\/p>\n<p>Vergleichbar hohe Absatzr\u00fcckg\u00e4nge hatten die in Deutschland ans\u00e4ssigen Brauereien und Bierlager bisher nur zu Beginn der Corona-Pandemie im 1. Halbjahr 2020 (-6,6 % zum Vorjahreszeitraum auf 4,3 Milliarden Liter) sowie im 2. Halbjahr 2023 (-6,2 % auf 4,2 Milliarden Liter) verzeichnet.<\/p>\n<p><b>Inlandsabsatz sinkt um 6,1 % zum Vorjahreszeitraum, Exporte gehen um 7,1 % zur\u00fcck<\/b><\/p>\n<p>81,9 % des gesamten Bierabsatzes waren im 1. Halbjahr 2025 f\u00fcr den Inlandsverbrauch bestimmt und wurden versteuert. Der Inlandsabsatz sank im Vergleich zum 1. Halbjahr 2024 um 6,1 % auf 3,2 Milliarden Liter. Die restlichen 18,1 % beziehungsweise 711,2 Millionen Liter wurden steuerfrei (als Exporte und als sogenannter Haustrunk) abgesetzt. Das waren 7,1 % weniger als im Vorjahr. Davon gingen 406,9 Millionen Liter (-5,0 %) in EU-Staaten, 299,6 Millionen Liter (-9,9 %) in Nicht-EU-Staaten und 4,7 Millionen Liter (-8,0 %) unentgeltlich als Haustrunk an die Besch\u00e4ftigten der Brauereien.<\/p>\n<p>Bei den Biermischungen &#8211; Bier gemischt mit Limonade, Cola, Fruchts\u00e4ften und anderen alkoholfreien Zus\u00e4tzen &#8211; war im 1. Halbjahr dagegen ein Plus zu verzeichnen. Gegen\u00fcber dem 1. Halbjahr 2024 wurden 8,0 % mehr Biermischungen abgesetzt. Sie machten mit 220,8 Millionen Litern allerdings nur 5,6 % des gesamten Bierabsatzes aus.<\/p>\n<p><b>Weitere Informationen:<\/b><\/p>\n<p>Weitere Ergebnisse und methodische Hinweise bietet der Statistische Bericht &#8222;Absatz von Bier&#8220; auf der Themenseite &#8222;Verbrauchsteuern&#8220; im Internetangebot des Statistischen Bundesamtes. Basisdaten und lange Zeitreihen sind \u00fcber die Tabellen 73421 in der Datenbank GENESIS-Online abrufbar.<\/p>\n<p>Diese Pressemitteilung ist, gegebenenfalls erg\u00e4nzt mit weiteren Informationen und Verlinkungen zum Thema, ver\u00f6ffentlicht unter <a target=\"_blank\" class=\"uri-ext outbound\" rel=\"noopener\" href=\"https:\/\/www.destatis.de\/pressemitteilungen\">www.destatis.de\/pressemitteilungen<\/a>.<\/p>\n<p>Weitere Ausk\u00fcnfte:<br \/>\nVerbrauchsteuerstatistiken<br \/>\nTelefon: +49 611 75 4133<br \/>\n<a target=\"_blank\" class=\"uri-ext outbound\" rel=\"noopener\" href=\"https:\/\/www.destatis.de\/kontakt\">www.destatis.de\/kontakt<\/a><\/p>\n<p class=\"contact-headline\">Pressekontakt:<\/p>\n<p class=\"contact-text\">Statistisches Bundesamt<br \/>Pressestelle<br \/><a target=\"_blank\" class=\"uri-ext outbound\" rel=\"noopener\" href=\"https:\/\/www.destatis.de\/kontakt\">www.destatis.de\/kontakt<\/a><br \/>Telefon: +49 611-75 34 44<\/p>\n<p class=\"originator\">Original-Content von: Statistisches Bundesamt, \u00fcbermittelt durch news aktuell<\/p>\n","protected":false},"excerpt":{"rendered":"01.08.2025 \u2013 08:00 Statistisches Bundesamt WIESBADEN (ots) Der Bierabsatz in Deutschland ist im 1. Halbjahr 2025 gegen\u00fcber dem&hellip;\n","protected":false},"author":2,"featured_media":108,"comment_status":"","ping_status":"","sticky":false,"template":"","format":"standard","meta":{"footnotes":""},"categories":[1828],"tags":[38227,29,30,1420,1209,178,180,179,181,924],"class_list":{"0":"post-310173","1":"post","2":"type-post","3":"status-publish","4":"format-standard","5":"has-post-thumbnail","7":"category-koeln","8":"tag-behrden","9":"tag-deutschland","10":"tag-germany","11":"tag-koeln","12":"tag-nordrhein-westfalen","13":"tag-presse","14":"tag-pressemeldung","15":"tag-pressemitteilung","16":"tag-pressemitteilungen","17":"tag-statistik"},"share_on_mastodon":{"url":"https:\/\/pubeurope.com\/@de\/114952230968070516","error":""},"_links":{"self":[{"href":"https:\/\/www.europesays.com\/de\/wp-json\/wp\/v2\/posts\/310173","targetHints":{"allow":["GET"]}}],"collection":[{"href":"https:\/\/www.europesays.com\/de\/wp-json\/wp\/v2\/posts"}],"about":[{"href":"https:\/\/www.europesays.com\/de\/wp-json\/wp\/v2\/types\/post"}],"author":[{"embeddable":true,"href":"https:\/\/www.europesays.com\/de\/wp-json\/wp\/v2\/users\/2"}],"replies":[{"embeddable":true,"href":"https:\/\/www.europesays.com\/de\/wp-json\/wp\/v2\/comments?post=310173"}],"version-history":[{"count":0,"href":"https:\/\/www.europesays.com\/de\/wp-json\/wp\/v2\/posts\/310173\/revisions"}],"wp:featuredmedia":[{"embeddable":true,"href":"https:\/\/www.europesays.com\/de\/wp-json\/wp\/v2\/media\/108"}],"wp:attachment":[{"href":"https:\/\/www.europesays.com\/de\/wp-json\/wp\/v2\/media?parent=310173"}],"wp:term":[{"taxonomy":"category","embeddable":true,"href":"https:\/\/www.europesays.com\/de\/wp-json\/wp\/v2\/categories?post=310173"},{"taxonomy":"post_tag","embeddable":true,"href":"https:\/\/www.europesays.com\/de\/wp-json\/wp\/v2\/tags?post=310173"}],"curies":[{"name":"wp","href":"https:\/\/api.w.org\/{rel}","templated":true}]}}