{"id":310421,"date":"2025-08-01T09:26:11","date_gmt":"2025-08-01T09:26:11","guid":{"rendered":"https:\/\/www.europesays.com\/de\/310421\/"},"modified":"2025-08-01T09:26:11","modified_gmt":"2025-08-01T09:26:11","slug":"wichtige-nord-sued-strecke-weiterer-brandanschlag-auf-zugstrecke-duesseldorf-duisburg","status":"publish","type":"post","link":"https:\/\/www.europesays.com\/de\/310421\/","title":{"rendered":"Wichtige Nord-S\u00fcd-Strecke: Weiterer Brandanschlag auf Zugstrecke D\u00fcsseldorf &#8211; Duisburg"},"content":{"rendered":"<p>                    Wichtige Nord-S\u00fcd-Strecke<br \/>\n                Weiterer Brandanschlag auf Zugstrecke D\u00fcsseldorf &#8211; Duisburg<\/p>\n<p>\t\t\t\t              01.08.2025, 11:13 Uhr<\/p>\n<p>Auf die wichtige Nord-S\u00fcd-Strecke der Deutschen Bahn ist in D\u00fcsseldorf ein weiterer Brandanschlag ver\u00fcbt worden. Der Brandsatz habe die gleiche Machart wie der am Donnerstag entdeckte, und es sei erneut Schaden entstanden, teilt die Polizei mit.<\/p>\n","protected":false},"excerpt":{"rendered":"Wichtige Nord-S\u00fcd-Strecke Weiterer Brandanschlag auf Zugstrecke D\u00fcsseldorf &#8211; Duisburg 01.08.2025, 11:13 Uhr Auf die wichtige Nord-S\u00fcd-Strecke der Deutschen&hellip;\n","protected":false},"author":2,"featured_media":310422,"comment_status":"","ping_status":"","sticky":false,"template":"","format":"standard","meta":{"footnotes":""},"categories":[1838],"tags":[12941,3364,29,3715,3405,30,89292,1209,16,44687,80137,4797],"class_list":{"0":"post-310421","1":"post","2":"type-post","3":"status-publish","4":"format-standard","5":"has-post-thumbnail","7":"category-duisburg","8":"tag-brandanschlag","9":"tag-de","10":"tag-deutschland","11":"tag-duisburg","12":"tag-duesseldorf","13":"tag-germany","14":"tag-nord-sued-strecke","15":"tag-nordrhein-westfalen","16":"tag-politik","17":"tag-weiterer","18":"tag-wichtige","19":"tag-zugstrecke"},"share_on_mastodon":{"url":"https:\/\/pubeurope.com\/@de\/114952797216916716","error":""},"_links":{"self":[{"href":"https:\/\/www.europesays.com\/de\/wp-json\/wp\/v2\/posts\/310421","targetHints":{"allow":["GET"]}}],"collection":[{"href":"https:\/\/www.europesays.com\/de\/wp-json\/wp\/v2\/posts"}],"about":[{"href":"https:\/\/www.europesays.com\/de\/wp-json\/wp\/v2\/types\/post"}],"author":[{"embeddable":true,"href":"https:\/\/www.europesays.com\/de\/wp-json\/wp\/v2\/users\/2"}],"replies":[{"embeddable":true,"href":"https:\/\/www.europesays.com\/de\/wp-json\/wp\/v2\/comments?post=310421"}],"version-history":[{"count":0,"href":"https:\/\/www.europesays.com\/de\/wp-json\/wp\/v2\/posts\/310421\/revisions"}],"wp:featuredmedia":[{"embeddable":true,"href":"https:\/\/www.europesays.com\/de\/wp-json\/wp\/v2\/media\/310422"}],"wp:attachment":[{"href":"https:\/\/www.europesays.com\/de\/wp-json\/wp\/v2\/media?parent=310421"}],"wp:term":[{"taxonomy":"category","embeddable":true,"href":"https:\/\/www.europesays.com\/de\/wp-json\/wp\/v2\/categories?post=310421"},{"taxonomy":"post_tag","embeddable":true,"href":"https:\/\/www.europesays.com\/de\/wp-json\/wp\/v2\/tags?post=310421"}],"curies":[{"name":"wp","href":"https:\/\/api.w.org\/{rel}","templated":true}]}}