{"id":310615,"date":"2025-08-01T11:13:09","date_gmt":"2025-08-01T11:13:09","guid":{"rendered":"https:\/\/www.europesays.com\/de\/310615\/"},"modified":"2025-08-01T11:13:09","modified_gmt":"2025-08-01T11:13:09","slug":"berlin-brandenburg-agrarministerin-will-in-bruessel-gegen-eu-plaene-protestieren","status":"publish","type":"post","link":"https:\/\/www.europesays.com\/de\/310615\/","title":{"rendered":"Berlin &#038; Brandenburg: Agrarministerin will in Br\u00fcssel gegen EU-Pl\u00e4ne protestieren"},"content":{"rendered":"<p>                    Berlin &amp; Brandenburg<br \/>\n                Agrarministerin will in Br\u00fcssel gegen EU-Pl\u00e4ne protestieren<\/p>\n<p>\t\t\t\t              01.08.2025, 12:41 Uhr<\/p>\n<p><strong>&#8222;Nicht haltbar&#8220;: Agrarministerin Mittelst\u00e4dt warnt vor dem Aus kleiner H\u00f6fe durch neue EU-Pl\u00e4ne. In Bandenburg stehen zugleich Investitionen f\u00fcr mehr Tierwohl auf dem Plan.<\/strong><\/p>\n<p>Potsdam (dpa\/bb) &#8211; Brandenburgs Agrarministerin Hanka Mittelst\u00e4dt (SPD) bef\u00fcrchtet, dass die umstrittenen Reformpl\u00e4ne der EU-Kommission zur Agrarfinanzierung vor allem kleine Agrarbetriebe bedrohen. Sie sagte dem &#8222;Nordkurier&#8220;, es werde eine weitere Konsolidierung der Betriebsstrukturen eintreten, wenn der Vorschlag so umgesetzt werde. &#8222;Man wird sich in gr\u00f6\u00dferen Einheiten zusammenschlie\u00dfen m\u00fcssen. Klein strukturierte Betriebe sind dann nicht mehr tragf\u00e4hig. Das wird mit dem Vorschlag bef\u00f6rdert und ist f\u00fcr uns nicht haltbar.&#8220;<\/p>\n<p>Ministerin: Vorschlag der EU-Kommission nicht tragbar<\/p>\n<p>Die Europ\u00e4ische Kommission will den Bauern in der EU k\u00fcnftig weniger Geld fest zusagen. Wie aus einem Haushaltsvorschlag der Br\u00fcsseler Beh\u00f6rde hervorgeht, sollen Landwirten f\u00fcr den Zeitraum von 2028 bis 2034 etwa 300 Milliarden Euro zugesichert werden &#8211; und damit \u00fcber 20 Prozent weniger als in der laufenden siebenj\u00e4hrige Budgetperiode veranschlagt. Die Kommission will den Geldtopf f\u00fcr die Agrarpolitik mit Budgets f\u00fcr andere Politikbereiche zusammenlegen.<\/p>\n<p>Mittelst\u00e4dt will den Br\u00fcsseler Vorsto\u00df nicht hinnehmen. &#8222;Wir werden definitiv Termine in Br\u00fcssel vereinbaren, wo wir ostdeutsche L\u00e4nder deutlich machen, dass der Vorschlag, der jetzt vorgestellt worden ist, so nicht tragbar ist&#8220;, sagte sie der Zeitung.\u00a0<\/p>\n<p>F\u00f6rderung f\u00fcr Stallumbauten f\u00fcr mehr Tierwohl\u00a0<\/p>\n<p>Die Agrarministerin k\u00fcndigte an, die im Koalitionsvertrag angek\u00fcndigte \u00dcberarbeitung der sogenannten Nutztier-Strategie nun auf den Weg zu bringen. &#8222;Generell m\u00fcssen wir Ma\u00dfnahmen entwickeln, die zur Stabilisierung der Nutztierhaltung f\u00fchren oder gegebenenfalls sogar zur Erh\u00f6hung der Nutztierzahlen.&#8220; Bei der F\u00f6rderung f\u00fcr Stallumbauten zur Verbesserung des Tierwohls seien inzwischen mehr als 100 Antr\u00e4ge von Agrarbetrieben eingegangen.\u00a0<\/p>\n<p>Es gebe aber auch noch Nachholbedarf und einen Investitionstau beim Tierwohl, so Mittelst\u00e4dt. Zugleich forderte sie, dass der Lebensmitteleinzelhandel ebenso mitziehen m\u00fcsse und Tierwohl entsprechend vermarktet werden m\u00fcsse.\u00a0<\/p>\n<p>In den vergangenen Jahren ging der Tierbestand in Brandenburg zur\u00fcck. Bei Rindern schrumpfte die Zahl 2024 laut Amt f\u00fcr Statistik auf den niedrigsten Stand seit 1990. Es wurden demnach rund 417.500 Rinder in Brandenburg gehalten.<\/p>\n","protected":false},"excerpt":{"rendered":"Berlin &amp; Brandenburg Agrarministerin will in Br\u00fcssel gegen EU-Pl\u00e4ne protestieren 01.08.2025, 12:41 Uhr &#8222;Nicht haltbar&#8220;: Agrarministerin Mittelst\u00e4dt warnt&hellip;\n","protected":false},"author":2,"featured_media":310616,"comment_status":"","ping_status":"","sticky":false,"template":"","format":"standard","meta":{"footnotes":""},"categories":[1816],"tags":[78211,1960,1958,1959,1957,296,1956,1890,937,29,76065,30],"class_list":{"0":"post-310615","1":"post","2":"type-post","3":"status-publish","4":"format-standard","5":"has-post-thumbnail","7":"category-brandenburg","8":"tag-agrarministerin","9":"tag-aktuelle-nachrichten-aus-berlin-und-brandenburg","10":"tag-aktuelle-nachrichten-aus-brandenburg","11":"tag-aktuelle-news-aus-berlin-und-brandenburg","12":"tag-aktuelle-news-aus-brandenburg","13":"tag-berlin","14":"tag-berlin-und-brandenburg","15":"tag-brandenburg","16":"tag-bruessel","17":"tag-deutschland","18":"tag-eu-plaene","19":"tag-germany"},"share_on_mastodon":{"url":"https:\/\/pubeurope.com\/@de\/114953218047923412","error":""},"_links":{"self":[{"href":"https:\/\/www.europesays.com\/de\/wp-json\/wp\/v2\/posts\/310615","targetHints":{"allow":["GET"]}}],"collection":[{"href":"https:\/\/www.europesays.com\/de\/wp-json\/wp\/v2\/posts"}],"about":[{"href":"https:\/\/www.europesays.com\/de\/wp-json\/wp\/v2\/types\/post"}],"author":[{"embeddable":true,"href":"https:\/\/www.europesays.com\/de\/wp-json\/wp\/v2\/users\/2"}],"replies":[{"embeddable":true,"href":"https:\/\/www.europesays.com\/de\/wp-json\/wp\/v2\/comments?post=310615"}],"version-history":[{"count":0,"href":"https:\/\/www.europesays.com\/de\/wp-json\/wp\/v2\/posts\/310615\/revisions"}],"wp:featuredmedia":[{"embeddable":true,"href":"https:\/\/www.europesays.com\/de\/wp-json\/wp\/v2\/media\/310616"}],"wp:attachment":[{"href":"https:\/\/www.europesays.com\/de\/wp-json\/wp\/v2\/media?parent=310615"}],"wp:term":[{"taxonomy":"category","embeddable":true,"href":"https:\/\/www.europesays.com\/de\/wp-json\/wp\/v2\/categories?post=310615"},{"taxonomy":"post_tag","embeddable":true,"href":"https:\/\/www.europesays.com\/de\/wp-json\/wp\/v2\/tags?post=310615"}],"curies":[{"name":"wp","href":"https:\/\/api.w.org\/{rel}","templated":true}]}}