{"id":310621,"date":"2025-08-01T11:16:15","date_gmt":"2025-08-01T11:16:15","guid":{"rendered":"https:\/\/www.europesays.com\/de\/310621\/"},"modified":"2025-08-01T11:16:15","modified_gmt":"2025-08-01T11:16:15","slug":"brandenburger-tor-berlin-zahlt-keinen-cent-mehr-veranstalter-sagt-silvesterparty-2025-ab","status":"publish","type":"post","link":"https:\/\/www.europesays.com\/de\/310621\/","title":{"rendered":"Brandenburger Tor: Berlin zahlt keinen Cent mehr \u2013 Veranstalter sagt Silvesterparty 2025 ab"},"content":{"rendered":"<p>Seit Jahrzehnten wird am Brandenburger Tor mit Zehntausenden ins neue Jahr gefeiert \u2013 doch damit ist vorerst Schluss. Nach der Ank\u00fcndigung von Berlins B\u00fcrgermeister Wegner, keine Gelder mehr bereitzustellen, sagt der Veranstalter die Veranstaltung ab.<\/p>\n<p class=\"is-first-paragraph\" data-external=\"Article.FirstParagraph\">Die traditionelle gro\u00dfe Silvesterparty am Brandenburger Tor in Berlin ist vom Veranstalter f\u00fcr dieses Jahr endg\u00fcltig abgesagt worden. \u201eEine Veranstaltung, wie es sie in den vergangenen Jahrzehnten immer gab am Brandenburger Tor, wird es aus meiner Sicht nicht geben\u201c, sagte der Gesch\u00e4ftsf\u00fchrer der Berlin feiert Silvester (BfS) GmbH, Benedikt Alder, der Deutschen Presse-Agentur. <\/p>\n<p>Der Regierende B\u00fcrgermeister Kai Wegner (CDU) hatte zuvor der dpa gesagt, dass das Land f\u00fcr die Show, die zuletzt immer vom ZDF \u00fcbertragen wurde, kein Geld mehr gibt. \u201eEs ist meiner Meinung nach nicht Aufgabe der Steuerzahler, solche Veranstaltungen mitzufinanzieren\u201c, sagte der CDU-Politiker. \u201eErst recht nicht in Zeiten einer angespannten Haushaltslage.\u201c <\/p>\n<p>Die Party mit zahlreichen K\u00fcnstlern findet seit Jahrzehnten statt. Zuletzt wurde sie immer vom ZDF live \u00fcbertragen. Zehntausende Besucher kamen dazu an das Wahrzeichen in der Mitte Berlins, um Mitternacht startete ein Feuerwerk. <a class=\"is-link c-block-items__link c-link--rich-text-renderer\" href=\"https:\/\/www.welt.de\/vermischtes\/article256352716\/finanzierung-nicht-gesichert-silvester-party-am-brandenburger-tor-droht-das-aus.html\" data-internal-tracking-enabled=\"true\" data-internal-tracking=\"{&quot;action&quot;:&quot;click&quot;,&quot;label&quot;:&quot;link&quot;,&quot;name&quot;:&quot;Inline Element&quot;,&quot;data&quot;:{&quot;source&quot;:&quot;&quot;,&quot;target&quot;:&quot;https:\/\/www.welt.de\/vermischtes\/article256352716\/finanzierung-nicht-gesichert-silvester-party-am-brandenburger-tor-droht-das-aus.html&quot;,&quot;trackingName&quot;:&quot;&quot;,&quot;trackingLabel&quot;:&quot;&quot;}}\" target=\"_blank\" rel=\"noopener\">Anfang Juli hatte der Veranstalter Alarm geschlagen und mitgeteilt, dass f\u00fcr dieses Jahr die Finanzierung nicht gesichert sei<\/a>. Als Grund nannte er fehlende Zusagen zu Landeszusch\u00fcssen. Eine alleinige Unterst\u00fctzung durch das ZDF reiche nicht.<\/p>\n<p>Dem privaten Veranstalter sei schon vor zwei Jahren mitgeteilt worden, dass Berlin ab 2025 kein Geld mehr f\u00fcr die Show lockermachen k\u00f6nne, sagte Wegner. \u201eAuch im letzten Jahr haben wir sehr klar kommuniziert: Dieses Jahr gibt es noch einen Zuschuss, 2025 ist Schluss.\u201c<\/p>\n<p>Der Senat habe j\u00fcngst aus den Medien und nur per Mail erfahren, dass der Veranstalter ohne Zuschuss nicht mehr weitermachen k\u00f6nne. \u201eWenn der Veranstalter der Meinung ist, er m\u00f6chte nicht mehr, dann ist es so. Wir werden diese Veranstaltung nicht dauerhaft mit Steuergeld finanzieren\u201c, so Wegner.<\/p>\n<p>\u201eWir f\u00fchren jetzt Gespr\u00e4che\u201c, f\u00fcgte er hinzu. Eine M\u00f6glichkeit sei ein Feuerwerk am Brandenburger Tor. Oder: \u201eEin Veranstalter macht die Party mit dem ZDF, aber mit einer anderen Finanzierung oder mit einem anderen Konzept. Das ist ja unbenommen.\u201c<\/p>\n<p>AfD: Zuschuss f\u00fcr Silvesterparty beibehalten<\/p>\n<p>Die Berliner AfD-Fraktionschefin Kristin Brinker hat die Streichung von Landeszusch\u00fcssen f\u00fcr eine Silvesterparty am Brandenburger Tor kritisiert. Derartige Ausgaben zahlten sich als Investition in den Tourismus am Ende aus, erkl\u00e4rte die Politikerin. Die Silvesterparty trage ma\u00dfgeblich dazu bei, Berlin \u00fcberregional und international als Reiseziel zu bewerben. <\/p>\n<p>\u201eSie sollte deshalb erhalten und weiterhin gef\u00f6rdert werden\u201c, so Brinker. Es sei vom Senat \u201ezu kurz gedacht\u201c, das Weiterbestehen einer Veranstaltung zu gef\u00e4hrden, die Jahr f\u00fcr Jahr Werbung f\u00fcr Berlin als Zielort f\u00fcr St\u00e4dtetouristen mache.<\/p>\n<p>Die genaue H\u00f6he der finanziellen Unterst\u00fctzung, die zuletzt vom Land Berlin f\u00fcr die Silvester-Show floss, ist unklar. Laut der Berlin feiert Silvester GmbH als Veranstalter betrug sie zwischen 500.000 Euro und einer Million Euro, indem landeseigene Gesellschaften Werbefl\u00e4chen anmieteten. Nach Angaben der Berliner Senatswirtschaftsverwaltung steuerte diese im Vorjahr 300.000 Euro bei, aber auch andere Senatsbereiche h\u00e4tten sich an der Finanzierung beteiligt. Eine Gesamtsumme war vom Senat nicht zu erfahren.<\/p>\n<p>dpa\/ceb\/saha\/cvb<\/p>\n","protected":false},"excerpt":{"rendered":"Seit Jahrzehnten wird am Brandenburger Tor mit Zehntausenden ins neue Jahr gefeiert \u2013 doch damit ist vorerst Schluss.&hellip;\n","protected":false},"author":2,"featured_media":310622,"comment_status":"","ping_status":"","sticky":false,"template":"","format":"standard","meta":{"footnotes":""},"categories":[1825],"tags":[296,29,30,110,89335,85258],"class_list":{"0":"post-310621","1":"post","2":"type-post","3":"status-publish","4":"format-standard","5":"has-post-thumbnail","7":"category-berlin","8":"tag-berlin","9":"tag-deutschland","10":"tag-germany","11":"tag-newsteam","12":"tag-partys-ks","13":"tag-silvester-ks"},"share_on_mastodon":{"url":"https:\/\/pubeurope.com\/@de\/114953229784604195","error":""},"_links":{"self":[{"href":"https:\/\/www.europesays.com\/de\/wp-json\/wp\/v2\/posts\/310621","targetHints":{"allow":["GET"]}}],"collection":[{"href":"https:\/\/www.europesays.com\/de\/wp-json\/wp\/v2\/posts"}],"about":[{"href":"https:\/\/www.europesays.com\/de\/wp-json\/wp\/v2\/types\/post"}],"author":[{"embeddable":true,"href":"https:\/\/www.europesays.com\/de\/wp-json\/wp\/v2\/users\/2"}],"replies":[{"embeddable":true,"href":"https:\/\/www.europesays.com\/de\/wp-json\/wp\/v2\/comments?post=310621"}],"version-history":[{"count":0,"href":"https:\/\/www.europesays.com\/de\/wp-json\/wp\/v2\/posts\/310621\/revisions"}],"wp:featuredmedia":[{"embeddable":true,"href":"https:\/\/www.europesays.com\/de\/wp-json\/wp\/v2\/media\/310622"}],"wp:attachment":[{"href":"https:\/\/www.europesays.com\/de\/wp-json\/wp\/v2\/media?parent=310621"}],"wp:term":[{"taxonomy":"category","embeddable":true,"href":"https:\/\/www.europesays.com\/de\/wp-json\/wp\/v2\/categories?post=310621"},{"taxonomy":"post_tag","embeddable":true,"href":"https:\/\/www.europesays.com\/de\/wp-json\/wp\/v2\/tags?post=310621"}],"curies":[{"name":"wp","href":"https:\/\/api.w.org\/{rel}","templated":true}]}}