{"id":310661,"date":"2025-08-01T11:37:12","date_gmt":"2025-08-01T11:37:12","guid":{"rendered":"https:\/\/www.europesays.com\/de\/310661\/"},"modified":"2025-08-01T11:37:12","modified_gmt":"2025-08-01T11:37:12","slug":"so-lief-die-erste-okerinsel-flair-saison","status":"publish","type":"post","link":"https:\/\/www.europesays.com\/de\/310661\/","title":{"rendered":"So lief die erste Okerinsel-Flair-Saison"},"content":{"rendered":"<p>Sommer auf der Okerinsel <\/p>\n<p>So lief die Eventreihe &#8222;im Herzen des Kultviertels&#8220;<\/p>\n<p>01.08.2025 &#8211; 12:45 UhrLesedauer: 1 Min.<\/p>\n<p><a href=\"#focus-0\" class=\"transition-colors duration-200 focus-within:text-magenta block text-current relative\" data-sctrack=\"FocusGalleryImage.Reference\"><img fetchpriority=\"high\" data-testid=\"Opener.Image\" style=\"--lqipURL:url('https:\/\/images.t-online.de\/2025\/08\/8IyQS6GUc-O1\/0x319:4000x2250\/fit-in\/150x0\/filters:blur(25)\/der-blsk-tower-im-stadtzentrum-erstmals-fand-in-braunschweig-das-okerinsel-flair-statt.jpg')\"   loading=\"eager\" src=\"https:\/\/www.europesays.com\/de\/wp-content\/uploads\/2025\/08\/der-blsk-tower-im-stadtzentrum-erstmals-fand-in-braunschweig-das-okerinsel-flair-statt.jpg\" alt=\"Der BLSK-Tower im Stadtzentrum: Erstmals fand in Braunschweig das Okerinsel Flair statt.\" title=\"Der BLSK-Tower im Stadtzentrum: Erstmals fand in Braunschweig das Okerinsel Flair statt.\" width=\"4000\" height=\"2250\" class=\"bg-[url:var(--lqipURL)] bg-cover bg-center flex h-full w-full max-w-full\" decoding=\"async\"\/><img style=\"--width:32;--height:32\" loading=\"lazy\" src=\"https:\/\/www.t-online.de\/s\/paper\/_next\/static\/media\/zoom-in.f7dae02f.svg\" alt=\"Vergr\u00f6\u00dfern des Bildes\" title=\"Vergr\u00f6\u00dfern des Bildes\" class=\"block h-[calc(var(--height)_\/_16_*_1rem)] w-[calc(var(--width)_\/_16_*_1rem)] max-w-none absolute bottom-8 right-8 rounded-4 bg-snow p-8\" decoding=\"async\"\/><\/a><\/p>\n<p>Der BLSK-Tower im Stadtzentrum: Erstmals fand in Braunschweig das Okerinsel Flair statt. (Quelle: BLSK \/ Carisma)<\/p>\n<p class=\"font-bold text-18 leading-17\">Erstmals setzen die Veranstalter statt auf ein Okerinsel-Festival gleich auf eine ganze Reihe von Veranstaltungen. So kommt das bei den Braunschweigern an.<\/p>\n<p class=\"text-18 leading-17\">Mit der Er\u00f6ffnung des Streetart-Festivals &#8222;Hola Utopia!&#8220; hat die Braunschweigische Landessparkasse (BLSK) ihre erste &#8222;Okerinsel-Flair&#8220;-Saison abgeschlossen. Erstmals hatte die BLSK auf ihrem Gel\u00e4nde am Europaplatz f\u00fcr mehrere Wochen lang verschiedenen Veranstaltungen Raum gegeben \u2013 &#8222;im Herzen des Braunschweiger Kultviertels&#8220;, wie es in einer Pressemitteilung von Freitag hei\u00dft.<\/p>\n<p class=\"text-18 leading-17\">Nach drei Jahren mit dem bisherigen Okerinsel-Festival und jeweils mehr als 11.000 Besuchern setzte die Bank in diesem Sommer auf ein \u00fcber Wochen verteiltes Programm.<\/p>\n<p class=\"text-18 leading-17\">Rund ein Dutzend Veranstaltungen von Partnern wie &#8222;Welcome Home Braunschweig&#8220;, dem &#8222;Braunschweig International Film Festival&#8220; oder &#8222;Hello Braunschweig&#8220; lockten tausende G\u00e4ste auf die Insel gegen\u00fcber der Partymeile. Auch der &#8222;Breakfast-Club&#8220; des Kultviertels und das 30-j\u00e4hrige B\u00fchnenjubil\u00e4um von DJ Ly Da Buddah geh\u00f6rten zum Programm. &#8222;Die Okerinsel hat eine ganz besondere Atmosph\u00e4re. Wir finden es gro\u00dfartig, dass die BLSK ihren Heimatort belebt&#8220;, so Thorsten Rinke vom Filmfest-Verein.<\/p>\n<p class=\"text-18 leading-17\">Ingo Lippmann, Vorstandsvorsitzender der BLSK, zog ein durchweg positives Fazit: &#8222;Sechs Wochen, mehr als ein Dutzend Veranstaltungen, tausende Besucher und unendlich viele, gl\u00fcckliche Gesichter. Es erf\u00fcllt uns mit Dankbarkeit, dass das &#8222;Okerinsel Flair&#8220; so gut angenommen wurde.&#8220; \u00dcber m\u00f6gliche k\u00fcnftige Aktivit\u00e4ten wolle man zu einem sp\u00e4teren Zeitpunkt informieren.<\/p>\n<p class=\"text-18 leading-17\">Die f\u00fcr die Eventreihe organisierten Sitzgelegenheiten vor dem Alten Bahnhof bleiben vorerst bestehen. &#8222;Alle sind nach wie vor herzlich eingeladen, hier eine entspannte Zeit auf der Okerinsel zu verbringen&#8220;, hei\u00dft es in einer Pressemitteilung.<\/p>\n","protected":false},"excerpt":{"rendered":"Sommer auf der Okerinsel So lief die Eventreihe &#8222;im Herzen des Kultviertels&#8220; 01.08.2025 &#8211; 12:45 UhrLesedauer: 1 Min.&hellip;\n","protected":false},"author":2,"featured_media":310662,"comment_status":"","ping_status":"","sticky":false,"template":"","format":"standard","meta":{"footnotes":""},"categories":[1850],"tags":[522,2294,6429,3364,29,548,663,3934,65040,5561,30,13,68564,89351,14,15,1411,89350,12],"class_list":{"0":"post-310661","1":"post","2":"type-post","3":"status-publish","4":"format-standard","5":"has-post-thumbnail","7":"category-braunschweig","8":"tag-522","9":"tag-bank","10":"tag-braunschweig","11":"tag-de","12":"tag-deutschland","13":"tag-eu","14":"tag-europa","15":"tag-europe","16":"tag-eventreihe","17":"tag-festival","18":"tag-germany","19":"tag-headlines","20":"tag-hola-utopia","21":"tag-kultviertel","22":"tag-nachrichten","23":"tag-news","24":"tag-niedersachsen","25":"tag-okerinsel","26":"tag-schlagzeilen"},"share_on_mastodon":{"url":"https:\/\/pubeurope.com\/@de\/114953312315454328","error":""},"_links":{"self":[{"href":"https:\/\/www.europesays.com\/de\/wp-json\/wp\/v2\/posts\/310661","targetHints":{"allow":["GET"]}}],"collection":[{"href":"https:\/\/www.europesays.com\/de\/wp-json\/wp\/v2\/posts"}],"about":[{"href":"https:\/\/www.europesays.com\/de\/wp-json\/wp\/v2\/types\/post"}],"author":[{"embeddable":true,"href":"https:\/\/www.europesays.com\/de\/wp-json\/wp\/v2\/users\/2"}],"replies":[{"embeddable":true,"href":"https:\/\/www.europesays.com\/de\/wp-json\/wp\/v2\/comments?post=310661"}],"version-history":[{"count":0,"href":"https:\/\/www.europesays.com\/de\/wp-json\/wp\/v2\/posts\/310661\/revisions"}],"wp:featuredmedia":[{"embeddable":true,"href":"https:\/\/www.europesays.com\/de\/wp-json\/wp\/v2\/media\/310662"}],"wp:attachment":[{"href":"https:\/\/www.europesays.com\/de\/wp-json\/wp\/v2\/media?parent=310661"}],"wp:term":[{"taxonomy":"category","embeddable":true,"href":"https:\/\/www.europesays.com\/de\/wp-json\/wp\/v2\/categories?post=310661"},{"taxonomy":"post_tag","embeddable":true,"href":"https:\/\/www.europesays.com\/de\/wp-json\/wp\/v2\/tags?post=310661"}],"curies":[{"name":"wp","href":"https:\/\/api.w.org\/{rel}","templated":true}]}}