{"id":31072,"date":"2025-04-14T11:29:06","date_gmt":"2025-04-14T11:29:06","guid":{"rendered":"https:\/\/www.europesays.com\/de\/31072\/"},"modified":"2025-04-14T11:29:06","modified_gmt":"2025-04-14T11:29:06","slug":"arminias-1990er-die-neureichen-aus-bielefeld-spazieren-in-die-bundesliga-dsc-arminia-bielefeld","status":"publish","type":"post","link":"https:\/\/www.europesays.com\/de\/31072\/","title":{"rendered":"Arminias 1990er: Die \u201eNeureichen aus Bielefeld\u201c spazieren in die Bundesliga | DSC Arminia Bielefeld"},"content":{"rendered":"<p class=\"em_text lz-blur\">Manager R\u00fcdiger Lamm und Trainer Ernst Middendorp pr\u00e4gen das wohl schrillste Jahrzehnt der Arminia-Historie. Am Ende dr\u00fcckt ein Schuldenberg in Millionenh\u00f6he.<\/p>\n<p>0,99 \u20ac im ersten Monat<\/p>\n<p>monatlich k\u00fcndbar<\/p>\n<p class=\"lead\">\n<a class=\"btn btn-lg btn-primary funnel-entry\" data-upscore-conversion=\"https:\/\/www.lz.de\/sport\/dsc_arminia_bielefeld\/dsc_arminia_bielefeld\/1\" href=\"https:\/\/www.lz.de\/service\/angebote\/checkout\/data?abos=D001_8216_50090_8\" role=\"button\" data-label=\"paywall\" data-product=\"D001_8216_50090_8\" data-price=\"11,99 EUR\" data-nm=\"frueling2025_banner_footer\">Angebot sichern<\/a><\/p>\n<p>\n Alle Artikel lesen<br \/> Weniger Werbung<\/p>\n<p class=\"text-center bei-login-ausblenden\">Bereits Abonnent? <a href=\"#\" id=\"loginLink\" data-nm=\"paywall-2024-loginlink_button_artikel\">Hier einloggen!<\/a><\/p>\n<p>angemeldet bleiben<br \/>\n | <a href=\"https:\/\/www.lz.de\/myonline\/?pid=7\" rel=\"nofollow noopener\" target=\"_blank\">Passwort vergessen?<\/a><\/p>\n<p>\nJetzt anmelden<\/p>\n","protected":false},"excerpt":{"rendered":"Manager R\u00fcdiger Lamm und Trainer Ernst Middendorp pr\u00e4gen das wohl schrillste Jahrzehnt der Arminia-Historie. Am Ende dr\u00fcckt ein&hellip;\n","protected":false},"author":2,"featured_media":31073,"comment_status":"","ping_status":"","sticky":false,"template":"","format":"standard","meta":{"footnotes":"","_share_on_mastodon":"0"},"categories":[1841],"tags":[2368,1605,3364,29,17069,17065,17068,30,4281,4280,1608,733,737,1209,17070,4279,16382,17067,17066,11372],"class_list":["post-31072","post","type-post","status-publish","format-standard","has-post-thumbnail","category-bielefeld","tag-arminia-bielefeld","tag-bielefeld","tag-de","tag-deutschland","tag-ernst-middendorp","tag-georg-koch","tag-gerhard-weber","tag-germany","tag-label_arminia","tag-label_l-120","tag-label_top-news","tag-label_unterhalte-mich","tag-meta_userneeds_lenkeab","tag-nordrhein-westfalen","tag-rdiger-lamm","tag-serie_nlarminia","tag-steinhagen","tag-theo-schneider","tag-thomas-von-heesen","tag-tischtennis"],"share_on_mastodon":{"url":"https:\/\/pubeurope.com\/@de\/114336088931925838","error":""},"_links":{"self":[{"href":"https:\/\/www.europesays.com\/de\/wp-json\/wp\/v2\/posts\/31072","targetHints":{"allow":["GET"]}}],"collection":[{"href":"https:\/\/www.europesays.com\/de\/wp-json\/wp\/v2\/posts"}],"about":[{"href":"https:\/\/www.europesays.com\/de\/wp-json\/wp\/v2\/types\/post"}],"author":[{"embeddable":true,"href":"https:\/\/www.europesays.com\/de\/wp-json\/wp\/v2\/users\/2"}],"replies":[{"embeddable":true,"href":"https:\/\/www.europesays.com\/de\/wp-json\/wp\/v2\/comments?post=31072"}],"version-history":[{"count":0,"href":"https:\/\/www.europesays.com\/de\/wp-json\/wp\/v2\/posts\/31072\/revisions"}],"wp:featuredmedia":[{"embeddable":true,"href":"https:\/\/www.europesays.com\/de\/wp-json\/wp\/v2\/media\/31073"}],"wp:attachment":[{"href":"https:\/\/www.europesays.com\/de\/wp-json\/wp\/v2\/media?parent=31072"}],"wp:term":[{"taxonomy":"category","embeddable":true,"href":"https:\/\/www.europesays.com\/de\/wp-json\/wp\/v2\/categories?post=31072"},{"taxonomy":"post_tag","embeddable":true,"href":"https:\/\/www.europesays.com\/de\/wp-json\/wp\/v2\/tags?post=31072"}],"curies":[{"name":"wp","href":"https:\/\/api.w.org\/{rel}","templated":true}]}}