{"id":311030,"date":"2025-08-01T14:58:10","date_gmt":"2025-08-01T14:58:10","guid":{"rendered":"https:\/\/www.europesays.com\/de\/311030\/"},"modified":"2025-08-01T14:58:10","modified_gmt":"2025-08-01T14:58:10","slug":"3-liga-auftakt-heute-rot-weiss-essen-1860-muenchen-hier-im-live-ticker-sport","status":"publish","type":"post","link":"https:\/\/www.europesays.com\/de\/311030\/","title":{"rendered":"3. Liga-Auftakt heute: Rot-Weiss Essen \u2013 1860 M\u00fcnchen hier im Live-Ticker | Sport"},"content":{"rendered":"<p><b>K\u00f6nnen Volland &amp; Co. 1860 wieder jubeln lassen?<\/b><\/p>\n<p>Heute Abend um 19 Uhr er\u00f6ffnen Rot-Weiss Essen und 1860 M\u00fcnchen die neue Saison der 3. Liga. 1860 \u00fcberzeugte zuletzt mit einem 4:0-Testspielsieg gegen Regensburg, bei dem Neuzugang Kevin Volland (32) mit zwei Treffern gl\u00e4nzte.<\/p>\n<p><b>Trainer Patrick Gl\u00f6ckner (48) warnt dennoch vor dem Auftakt in Essen: \u201eAm Freitag an der Hafenstra\u00dfe erwarte ich einen anderen Gegner.\u201c Aber er fand ebenfalls lobende Worte f\u00fcr sein Team: \u201eWir haben aus einem Guss gespielt. Es war unheimlich viel Spielfreude zu sehen [\u2026].\u201c<\/b><\/p>\n<p>Auch Gesch\u00e4ftsf\u00fchrer Christian Werner (44) ist optimistisch: \u201eEs war sicher von Vorteil, dass wir fast die komplette Vorbereitung die Mannschaft zusammenhatten.\u201c Und: \u201eDie Vorbereitung ist gelungen, aber subsummarum z\u00e4hlt der Freitag!\u201c<\/p>\n<p>3. Liga: Rot-Weiss Essen gegen 1860 M\u00fcnchen hier im Live-Ticker<\/p>\n","protected":false},"excerpt":{"rendered":"K\u00f6nnen Volland &amp; Co. 1860 wieder jubeln lassen? Heute Abend um 19 Uhr er\u00f6ffnen Rot-Weiss Essen und 1860&hellip;\n","protected":false},"author":2,"featured_media":311031,"comment_status":"","ping_status":"","sticky":false,"template":"","format":"standard","meta":{"footnotes":""},"categories":[1834],"tags":[995,5641,3364,29,996,3688,347,30,5426,5639,7721,1209,3714,46041,1927,45,8811,19315],"class_list":{"0":"post-311030","1":"post","2":"type-post","3":"status-publish","4":"format-standard","5":"has-post-thumbnail","7":"category-essen","8":"tag-3-liga","9":"tag-3-liga-spielbegegnung","10":"tag-de","11":"tag-deutschland","12":"tag-dritte-liga","13":"tag-essen","14":"tag-fussball","15":"tag-germany","16":"tag-live-ticker","17":"tag-magenta-sport","18":"tag-nofeed","19":"tag-nordrhein-westfalen","20":"tag-rot-weiss-essen","21":"tag-spieltag-1","22":"tag-sport-standard","23":"tag-texttospeech","24":"tag-tsv-1860-muenchen","25":"tag-volland-kevin"},"share_on_mastodon":{"url":"https:\/\/pubeurope.com\/@de\/114954102678824808","error":""},"_links":{"self":[{"href":"https:\/\/www.europesays.com\/de\/wp-json\/wp\/v2\/posts\/311030","targetHints":{"allow":["GET"]}}],"collection":[{"href":"https:\/\/www.europesays.com\/de\/wp-json\/wp\/v2\/posts"}],"about":[{"href":"https:\/\/www.europesays.com\/de\/wp-json\/wp\/v2\/types\/post"}],"author":[{"embeddable":true,"href":"https:\/\/www.europesays.com\/de\/wp-json\/wp\/v2\/users\/2"}],"replies":[{"embeddable":true,"href":"https:\/\/www.europesays.com\/de\/wp-json\/wp\/v2\/comments?post=311030"}],"version-history":[{"count":0,"href":"https:\/\/www.europesays.com\/de\/wp-json\/wp\/v2\/posts\/311030\/revisions"}],"wp:featuredmedia":[{"embeddable":true,"href":"https:\/\/www.europesays.com\/de\/wp-json\/wp\/v2\/media\/311031"}],"wp:attachment":[{"href":"https:\/\/www.europesays.com\/de\/wp-json\/wp\/v2\/media?parent=311030"}],"wp:term":[{"taxonomy":"category","embeddable":true,"href":"https:\/\/www.europesays.com\/de\/wp-json\/wp\/v2\/categories?post=311030"},{"taxonomy":"post_tag","embeddable":true,"href":"https:\/\/www.europesays.com\/de\/wp-json\/wp\/v2\/tags?post=311030"}],"curies":[{"name":"wp","href":"https:\/\/api.w.org\/{rel}","templated":true}]}}