{"id":311054,"date":"2025-08-01T15:10:17","date_gmt":"2025-08-01T15:10:17","guid":{"rendered":"https:\/\/www.europesays.com\/de\/311054\/"},"modified":"2025-08-01T15:10:17","modified_gmt":"2025-08-01T15:10:17","slug":"saisoneroeffnung-mit-bands-und-autogrammstunde-am-2-august","status":"publish","type":"post","link":"https:\/\/www.europesays.com\/de\/311054\/","title":{"rendered":"Saisoner\u00f6ffnung mit Bands und Autogrammstunde am 2. August"},"content":{"rendered":"<p>Samstag ab 11.11. Uhr <\/p>\n<p>FC feiert Saisoner\u00f6ffnung mit Autogrammstunde und Bands<\/p>\n<p>01.08.2025 &#8211; 16:54 UhrLesedauer: 1 Min.<\/p>\n<p><a href=\"#focus-0\" class=\"transition-colors duration-200 focus-within:text-magenta block text-current relative\" data-sctrack=\"FocusGalleryImage.Reference\"><img fetchpriority=\"high\" data-testid=\"Opener.Image\" style=\"--lqipURL:url('https:\/\/images.t-online.de\/2025\/08\/t-FQNIxenD7E\/0x209:4000x2250\/fit-in\/150x0\/filters:blur(25)\/1-fc-koeln-saisoneroeffnung-auf-den-vorwiesen-des-rheinenergie-stadions-fans-vorm-stadion-13-082016.jpg')\"   loading=\"eager\" src=\"https:\/\/www.europesays.com\/de\/wp-content\/uploads\/2025\/08\/1-fc-koeln-saisoneroeffnung-auf-den-vorwiesen-des-rheinenergie-stadions-fans-vorm-stadion-13-082016..jpeg\" alt=\"imago 25489085\" title=\"imago 25489085\" width=\"4000\" height=\"2250\" class=\"bg-[url:var(--lqipURL)] bg-cover bg-center flex h-full w-full max-w-full\" decoding=\"async\"\/><img style=\"--width:32;--height:32\" loading=\"lazy\" src=\"https:\/\/www.t-online.de\/s\/paper\/_next\/static\/media\/zoom-in.f7dae02f.svg\" alt=\"Vergr\u00f6\u00dfern des Bildes\" title=\"Vergr\u00f6\u00dfern des Bildes\" class=\"block h-[calc(var(--height)_\/_16_*_1rem)] w-[calc(var(--width)_\/_16_*_1rem)] max-w-none absolute bottom-8 right-8 rounded-4 bg-snow p-8\" decoding=\"async\"\/><\/a><\/p>\n<p>Saisoner\u00f6ffnung (Archivbild): Die Fans erwartet ein buntes Programm auf den Stadionwiesen. (Quelle: imago sportfotodienst\/imago)<\/p>\n<p class=\"font-bold text-18 leading-17\">Der Verein l\u00e4dt zur traditionellen Saisoner\u00f6ffnung auf den Stadionwiesen ein. Auf der B\u00fchne stehen gleich sechs k\u00f6lsche Musik-Acts.<\/p>\n<p class=\"text-18 leading-17\">Der FC ist zur\u00fcck in der ersten Liga \u2013 und feiert den Beginn der Saison wie gewohnt mit einem gro\u00dfen Familienfest am Stadion. Los geht es am Samstag (1. August) zur k\u00f6lschesten aller Uhrzeiten, also um 11.11 Uhr.<\/p>\n<p class=\"text-18 leading-17\">Vor der offiziellen Teampr\u00e4sentation um 14.50 Uhr mit allen Neuzug\u00e4ngen und dem Trainerteam geht es vor allem musikalisch zu: Auf der B\u00fchne stehen mit Fiasko, Stadtrand, M\u00e4tropolis, Rapper Mo-Torres und dem M\u00e4nnerchor &#8222;Gr\u00fcng\u00fcrtelrosen&#8220; gleich sechs bekannte K\u00f6lner K\u00fcnstler und Bands. Um 12 Uhr gibt es eine Autogrammstunde mit den Profis. Der Eintritt ist frei, das offizielle Programm endet um 17.30 Uhr. Eine Anmeldung ist nicht n\u00f6tig.<\/p>\n<p class=\"text-18 leading-17\">Vor dem Saisonstart am 22. August steht f\u00fcr den FC am kommenden Samstag (9. August) noch ein Testspiel gegen Champions League-Teilnehmer <a class=\"transition-colors duration-200 cursor-pointer text-inherit no-underline text-salemsfur md:hover:text-magenta md:hover:border-magenta md:focus:text-magenta border-current border-b border-solid break-words\" href=\"https:\/\/www.t-online.de\/themen\/atalanta-bergamo\/\" data-sctrack=\"BodyAnchor\" rel=\"nofollow noopener\" target=\"_blank\">Atalanta Bergamo<\/a> auf dem Programm. Tickets f\u00fcr die Partie sind noch erh\u00e4ltlich und kosten je nach Kategorie zwischen 13,50 Euro und 45 Euro.<\/p>\n","protected":false},"excerpt":{"rendered":"Samstag ab 11.11. Uhr FC feiert Saisoner\u00f6ffnung mit Autogrammstunde und Bands 01.08.2025 &#8211; 16:54 UhrLesedauer: 1 Min. Saisoner\u00f6ffnung&hellip;\n","protected":false},"author":2,"featured_media":311055,"comment_status":"","ping_status":"","sticky":false,"template":"","format":"standard","meta":{"footnotes":""},"categories":[1828],"tags":[623,722,89475,29,30,1420,1209,70682,89474],"class_list":{"0":"post-311054","1":"post","2":"type-post","3":"status-publish","4":"format-standard","5":"has-post-thumbnail","7":"category-koeln","8":"tag-1-fc-koeln","9":"tag-722","10":"tag-autogrammstunde","11":"tag-deutschland","12":"tag-germany","13":"tag-koeln","14":"tag-nordrhein-westfalen","15":"tag-saisoneroeffnung","16":"tag-stadionwiese"},"share_on_mastodon":{"url":"https:\/\/pubeurope.com\/@de\/114954149982353745","error":""},"_links":{"self":[{"href":"https:\/\/www.europesays.com\/de\/wp-json\/wp\/v2\/posts\/311054","targetHints":{"allow":["GET"]}}],"collection":[{"href":"https:\/\/www.europesays.com\/de\/wp-json\/wp\/v2\/posts"}],"about":[{"href":"https:\/\/www.europesays.com\/de\/wp-json\/wp\/v2\/types\/post"}],"author":[{"embeddable":true,"href":"https:\/\/www.europesays.com\/de\/wp-json\/wp\/v2\/users\/2"}],"replies":[{"embeddable":true,"href":"https:\/\/www.europesays.com\/de\/wp-json\/wp\/v2\/comments?post=311054"}],"version-history":[{"count":0,"href":"https:\/\/www.europesays.com\/de\/wp-json\/wp\/v2\/posts\/311054\/revisions"}],"wp:featuredmedia":[{"embeddable":true,"href":"https:\/\/www.europesays.com\/de\/wp-json\/wp\/v2\/media\/311055"}],"wp:attachment":[{"href":"https:\/\/www.europesays.com\/de\/wp-json\/wp\/v2\/media?parent=311054"}],"wp:term":[{"taxonomy":"category","embeddable":true,"href":"https:\/\/www.europesays.com\/de\/wp-json\/wp\/v2\/categories?post=311054"},{"taxonomy":"post_tag","embeddable":true,"href":"https:\/\/www.europesays.com\/de\/wp-json\/wp\/v2\/tags?post=311054"}],"curies":[{"name":"wp","href":"https:\/\/api.w.org\/{rel}","templated":true}]}}