{"id":311094,"date":"2025-08-01T15:31:21","date_gmt":"2025-08-01T15:31:21","guid":{"rendered":"https:\/\/www.europesays.com\/de\/311094\/"},"modified":"2025-08-01T15:31:21","modified_gmt":"2025-08-01T15:31:21","slug":"discounter-startet-radikales-experiment-und-eroeffnet-filiale-ohne-lebensmittel","status":"publish","type":"post","link":"https:\/\/www.europesays.com\/de\/311094\/","title":{"rendered":"Discounter startet radikales Experiment und er\u00f6ffnet Filiale ohne Lebensmittel"},"content":{"rendered":"<p>                                &#8211;                                Grillw\u00fcrste ad\u00e9 \u2013 Lidl wagt ein radikales Experiment und er\u00f6ffnet eine Filiale, die alles bietet, au\u00dfer Essen. Was steckt hinter dem neuen Konzept?<\/p>\n<p>                Der Discounter Lidl geht neue Wege: In der Gemeinde Lottstetten nahe der Schweizer Grenze er\u00f6ffnet das Unternehmen seine erste Filiale, die vollst\u00e4ndig auf Lebensmittel verzichtet. Stattdessen konzentriert sich der neue Markt unter dem Namen \u201eLidl Home &amp; Living\u201c ausschlie\u00dflich auf sogenannte Nonfood-Produkte. Zuerst berichtete die Lebensmittelzeitung.<\/p>\n<p>In den Regalen finden sich k\u00fcnftig Modeartikel, Werkzeuge, Spielzeug, Kosmetik sowie K\u00fcchen- und Haushaltswaren. Damit will Lidl gezielt dem wachsenden Wettbewerb durch Nonfood-Spezialisten wie Tedi, Action und Woolworth begegnen, die in den vergangenen Jahren erhebliche Marktanteile gewinnen konnten.<\/p>\n<p>                                                Eigenmarken im Fokus<\/p>\n<p>Der neue Markt soll laut der Lebensmittelzeitung ausreichend Platz f\u00fcr alle sechs Lidl-Eigenmarken bieten: Parkside (Werkzeug), Crivit (Sportartikel), Esmara (Mode), Livarno (Wohnaccessoires und M\u00f6bel), Silvercrest (Elektronik) und Lupilu (Kinderprodukte). Neben den regul\u00e4ren Wochenangeboten sollen diese Marken prominent im neuen Konzept platziert werden.<\/p>\n<p>                                                        Pilotprojekt mit Expansionspotenzial<\/p>\n<p>Die Filiale in Lottstetten dient als Testmarkt. Sollte das Konzept erfolgreich sein, plant Lidl die Er\u00f6ffnung weiterer \u201eHome &amp; Living\u201c-Filialen in ganz Deutschland. Direkt gegen\u00fcber der neuen Nonfood-Filiale befindet sich ein klassischer Lidl-Supermarkt \u2013 ein Modell, das k\u00fcnftig h\u00e4ufiger zu sehen sein k\u00f6nnte.<\/p>\n<p>Bereits zuvor hatte Lidl in einer Filiale bei Neckarsulm im Norden Baden-W\u00fcrttembergs sogenannte \u201eBed\u00fcrfniswelten\u201c getestet. Dabei wurden Nonfood-Produkte thematisch gruppiert und mit farbigen Aufstellern versehen, die auf aktuelle Angebote hinwiesen. Die Kategorien reichten von Heimwerker- und Gartenartikeln \u00fcber Sport und Lifestyle bis hin zu Mode, Kinderwelt sowie K\u00fcche und Haushalt.<\/p>\n<p>Mit dem neuen Konzept reagiert Lidl auf ver\u00e4nderte Konsumgewohnheiten und die zunehmende Beliebtheit von g\u00fcnstigen Nonfood-Artikeln. Die klare Trennung von Lebensmittel- und Nonfood-Angeboten k\u00f6nnte dem Discounter helfen, seine Sortimente gezielter zu vermarkten und neue Kundengruppen zu erschlie\u00dfen.<\/p>\n","protected":false},"excerpt":{"rendered":"&#8211; Grillw\u00fcrste ad\u00e9 \u2013 Lidl wagt ein radikales Experiment und er\u00f6ffnet eine Filiale, die alles bietet, au\u00dfer Essen.&hellip;\n","protected":false},"author":2,"featured_media":311095,"comment_status":"","ping_status":"","sticky":false,"template":"","format":"standard","meta":{"footnotes":""},"categories":[134],"tags":[175,170,169,29,30,171,174,173,172],"class_list":{"0":"post-311094","1":"post","2":"type-post","3":"status-publish","4":"format-standard","5":"has-post-thumbnail","7":"category-unternehmen-maerkte","8":"tag-business","9":"tag-companies","10":"tag-companies-markets","11":"tag-deutschland","12":"tag-germany","13":"tag-markets","14":"tag-maerkte","15":"tag-unternehmen","16":"tag-unternehmen-maerkte"},"share_on_mastodon":{"url":"https:\/\/pubeurope.com\/@de\/114954232546395280","error":""},"_links":{"self":[{"href":"https:\/\/www.europesays.com\/de\/wp-json\/wp\/v2\/posts\/311094","targetHints":{"allow":["GET"]}}],"collection":[{"href":"https:\/\/www.europesays.com\/de\/wp-json\/wp\/v2\/posts"}],"about":[{"href":"https:\/\/www.europesays.com\/de\/wp-json\/wp\/v2\/types\/post"}],"author":[{"embeddable":true,"href":"https:\/\/www.europesays.com\/de\/wp-json\/wp\/v2\/users\/2"}],"replies":[{"embeddable":true,"href":"https:\/\/www.europesays.com\/de\/wp-json\/wp\/v2\/comments?post=311094"}],"version-history":[{"count":0,"href":"https:\/\/www.europesays.com\/de\/wp-json\/wp\/v2\/posts\/311094\/revisions"}],"wp:featuredmedia":[{"embeddable":true,"href":"https:\/\/www.europesays.com\/de\/wp-json\/wp\/v2\/media\/311095"}],"wp:attachment":[{"href":"https:\/\/www.europesays.com\/de\/wp-json\/wp\/v2\/media?parent=311094"}],"wp:term":[{"taxonomy":"category","embeddable":true,"href":"https:\/\/www.europesays.com\/de\/wp-json\/wp\/v2\/categories?post=311094"},{"taxonomy":"post_tag","embeddable":true,"href":"https:\/\/www.europesays.com\/de\/wp-json\/wp\/v2\/tags?post=311094"}],"curies":[{"name":"wp","href":"https:\/\/api.w.org\/{rel}","templated":true}]}}