{"id":31113,"date":"2025-04-14T11:55:27","date_gmt":"2025-04-14T11:55:27","guid":{"rendered":"https:\/\/www.europesays.com\/de\/31113\/"},"modified":"2025-04-14T11:55:27","modified_gmt":"2025-04-14T11:55:27","slug":"vfb-stuttgart-gegen-den-sv-werder-bremen-vfb-verliert-gegen-bremen-in-unterzahl","status":"publish","type":"post","link":"https:\/\/www.europesays.com\/de\/31113\/","title":{"rendered":"VfB Stuttgart gegen den SV Werder Bremen: VfB verliert gegen Bremen in Unterzahl"},"content":{"rendered":"<p>Im Sonntagspiel gegen den SV Werder Bremen hat der VfB Stuttgart mit 1:2 verloren. Die Schwaben beendeten das Heimspiel in Unterzahl.<\/p>\n<p>            \tjbr                      <\/p>\n<p>           13.04.2025 &#8211; 17:26 Uhr       <\/p>\n<p>Niederlage in Unterzahl: Der <a href=\"https:\/\/www.stuttgarter-zeitung.de\/thema\/VfB_Stuttgart\" title=\"VfB Stuttgart\" class=\"art_thema\" target=\"_blank\" rel=\"noopener\">VfB Stuttgart<\/a> hat mit 1:2 (1:1) gegen den <a href=\"https:\/\/www.stuttgarter-zeitung.de\/thema\/SV_Werder_Bremen\" title=\"SV Werder Bremen\" class=\"art_thema\" target=\"_blank\" rel=\"noopener\">SV Werder Bremen<\/a> verloren. Knapp eine halbe Stunde war der VfB Stuttgart nur noch mit zehn Spielern auf dem Platz, nachdem Nick Woltemade in der 65. Minute eine gelb-rote Karte kassiert hatte.<\/p>\n<p>In der ersten H\u00e4lfte ging der VfB Stuttgart nach einem Treffer von Leonidas Stergiou (19. Minute) zun\u00e4chst in F\u00fchrung. Doch Oliver Burke glich in der 32. Minute aus \u2013 und schoss auch den Siegtreffer in der 90. Minute. Die erste gelbe Karte hatte Woltemade nach einem Ellenbogeneinsatz in der 49. Minute gesehen. Dann folgte die zweite Karte in der 65. Minute nach einem Foulspiel. <\/p>\n<p>Bremen darf nach dem dritten Sieg in Serie wieder vom Europapokal tr\u00e4umen. Das Team von Trainer Ole Werner sprang durch den Sieg bis auf zwei Punkte an die internationalen Pl\u00e4tze heran. Stuttgart rutschte auf Rang elf ab. <\/p>\n","protected":false},"excerpt":{"rendered":"Im Sonntagspiel gegen den SV Werder Bremen hat der VfB Stuttgart mit 1:2 verloren. Die Schwaben beendeten das&hellip;\n","protected":false},"author":2,"featured_media":31114,"comment_status":"","ping_status":"","sticky":false,"template":"","format":"standard","meta":{"footnotes":""},"categories":[1824],"tags":[2420,3364,29,30,1770,2365,2915,13260],"class_list":{"0":"post-31113","1":"post","2":"type-post","3":"status-publish","4":"format-standard","5":"has-post-thumbnail","7":"category-bremen","8":"tag-bremen","9":"tag-de","10":"tag-deutschland","11":"tag-germany","12":"tag-nick-woltemade","13":"tag-sv-werder-bremen","14":"tag-vfb-stuttgart","15":"tag-vfbsvw"},"share_on_mastodon":{"url":"https:\/\/pubeurope.com\/@de\/114336191155188231","error":""},"_links":{"self":[{"href":"https:\/\/www.europesays.com\/de\/wp-json\/wp\/v2\/posts\/31113","targetHints":{"allow":["GET"]}}],"collection":[{"href":"https:\/\/www.europesays.com\/de\/wp-json\/wp\/v2\/posts"}],"about":[{"href":"https:\/\/www.europesays.com\/de\/wp-json\/wp\/v2\/types\/post"}],"author":[{"embeddable":true,"href":"https:\/\/www.europesays.com\/de\/wp-json\/wp\/v2\/users\/2"}],"replies":[{"embeddable":true,"href":"https:\/\/www.europesays.com\/de\/wp-json\/wp\/v2\/comments?post=31113"}],"version-history":[{"count":0,"href":"https:\/\/www.europesays.com\/de\/wp-json\/wp\/v2\/posts\/31113\/revisions"}],"wp:featuredmedia":[{"embeddable":true,"href":"https:\/\/www.europesays.com\/de\/wp-json\/wp\/v2\/media\/31114"}],"wp:attachment":[{"href":"https:\/\/www.europesays.com\/de\/wp-json\/wp\/v2\/media?parent=31113"}],"wp:term":[{"taxonomy":"category","embeddable":true,"href":"https:\/\/www.europesays.com\/de\/wp-json\/wp\/v2\/categories?post=31113"},{"taxonomy":"post_tag","embeddable":true,"href":"https:\/\/www.europesays.com\/de\/wp-json\/wp\/v2\/tags?post=31113"}],"curies":[{"name":"wp","href":"https:\/\/api.w.org\/{rel}","templated":true}]}}