{"id":311143,"date":"2025-08-01T16:00:11","date_gmt":"2025-08-01T16:00:11","guid":{"rendered":"https:\/\/www.europesays.com\/de\/311143\/"},"modified":"2025-08-01T16:00:11","modified_gmt":"2025-08-01T16:00:11","slug":"protest-in-frankreich-gegen-von-den-usa-geplante-vernichtung-von-verhuetungsmitteln","status":"publish","type":"post","link":"https:\/\/www.europesays.com\/de\/311143\/","title":{"rendered":"Protest in Frankreich gegen von den USA geplante Vernichtung von Verh\u00fctungsmitteln"},"content":{"rendered":"<p>      Protest in Frankreich gegen von den USA geplante Vernichtung von Verh\u00fctungsmitteln<\/p>\n<p>            Kopiere den aktuellen Link<\/p>\n<p>          Zur Merkliste hinzuf\u00fcgen<\/p>\n<p>In Frankreich w\u00e4chst der Protest gegen die von den USA geplante Vernichtung von Verh\u00fctungsmitteln, die f\u00fcr Frauen in afrikanischen L\u00e4ndern bestimmt waren. Eine entsprechende Petition erreichte innerhalb von zwei Tagen bis Freitag mehr als 10.000 Unterschriften. Eine Beschlagnahmung der Verh\u00fctungsmittel sei allerdings nicht m\u00f6glich, erkl\u00e4rte das franz\u00f6sische Gesundheitsministerium. Es habe keine Informationen \u00fcber eine m\u00f6gliche Verbrennung der Best\u00e4nde in Frankreich.\u00a0<\/p>\n<p class=\"typo-body-default\">&#8222;Die ersten Kartons wurden aus dem Lager geholt, aber wir wissen nicht, ob sie schon in <a class=\"taxonomy-entity place\" data-target-type=\"article\" href=\"https:\/\/www.stern.de\/politik\/ausland\/themen\/frankreich-4540716.html\" rel=\"nofollow noopener\" target=\"_blank\">Frankreich<\/a> angekommen sind&#8220;, sagte Sarah Durocher von der Organisation Planning familial. Sie appellierte an franz\u00f6sische Betriebe, die mit der Verbrennung beauftragt werden k\u00f6nnten, diese zu verweigern.\u00a0<\/p>\n<p class=\"typo-body-default\">Gr\u00fcnen-Chefin Marine Tondelier protestierte ebenfalls gegen die geplante <a class=\"taxonomy-entity keyword\" data-target-type=\"article\" href=\"https:\/\/www.stern.de\/politik\/ausland\/themen\/vernichtung-4166552.html\" rel=\"nofollow noopener\" target=\"_blank\">Vernichtung<\/a>. &#8222;Frankreich darf sich nicht zur Komplizin machen lassen&#8220;, sagte sie und warf der US-Regierung eine &#8222;rein ideologische&#8220; Entscheidung vor.\u00a0<\/p>\n<p class=\"typo-body-default\">Das US-Au\u00dfenministerium hatte mitgeteilt, dass &#8222;bestimmte abtreibende <a class=\"taxonomy-entity keyword\" data-target-type=\"article\" href=\"https:\/\/www.stern.de\/politik\/deutschland\/themen\/verhuetungsmittel-4156972.html\" rel=\"nofollow noopener\" target=\"_blank\">Verh\u00fctungsmittel<\/a>&#8220; aus den Best\u00e4nden der aufgel\u00f6sten Hilfsorganisation USAID zerst\u00f6rt werden sollten. Damit d\u00fcrften etwa Spiralen gemeint sein, die verhindern k\u00f6nnen, dass sich eine befruchtete Eizelle in der Geb\u00e4rmutter einnistet. Abtreibungsgegner sehen darin &#8211; wie in der Pille danach &#8211; eine Form der Fr\u00fchabtreibung.<\/p>\n<p class=\"typo-body-default\">Nach einem Bericht der britischen Zeitung &#8222;The Guardian&#8220; lagerten die Verh\u00fctungsmittel im Wert von mehr als acht Millionen Euro zuletzt in Belgien. Dabei handle es sich vor allem um Hormonimplantate und Spiralen, die Ende Juli in einer Anlage in Frankreich verbrannt werden sollten. Die Kosten f\u00fcr die Verbrennungsaktion wurden auf 145.000 Euro gesch\u00e4tzt.<\/p>\n<p class=\"typo-body-default\">Die belgische Regierung erkl\u00e4rte, dass sie sich um eine L\u00f6sung bem\u00fche. Das franz\u00f6sische <a class=\"taxonomy-entity organization\" data-target-type=\"article\" href=\"https:\/\/www.stern.de\/politik\/ausland\/themen\/aa-4116782.html\" rel=\"nofollow noopener\" target=\"_blank\">Au\u00dfenministerium<\/a> hob hervor, dass der Zugang zu Produkten der sexuellen und reproduktiven Gesundheit zu den Menschenrechten z\u00e4hle. \u00a0Dies z\u00e4hle auch zu den Priorit\u00e4ten der franz\u00f6sischen Au\u00dfenpolitik.\u00a0<\/p>\n<p class=\"typo-body-default\">Der Internationale Dachverband f\u00fcr Familienplanung (IPPF) und eine weitere Organisation hatten nach eigenen Angaben vergeblich versucht, die Verh\u00fctungsmittel aufzukaufen, um sie &#8211; ohne US-Logo &#8211; an <a class=\"taxonomy-entity keyword\" data-target-type=\"article\" href=\"https:\/\/www.stern.de\/kultur\/musik\/themen\/frauen-8715350.html\" rel=\"nofollow noopener\" target=\"_blank\">Frauen<\/a> in Entwicklungsl\u00e4ndern zu liefern.\u00a0<\/p>\n<p class=\"typo-body-default\">US-Pr\u00e4sident Donald Trump hatte kurz nach seinem Amtsantritt im Januar die Schlie\u00dfung der Entwicklungsbeh\u00f6rde USAID angeordnet. Am 1. Juli stellte USAID ihre Arbeit offiziell ein.<\/p>\n<p>\n    AFP\n  <\/p>\n","protected":false},"excerpt":{"rendered":"Protest in Frankreich gegen von den USA geplante Vernichtung von Verh\u00fctungsmitteln Kopiere den aktuellen Link Zur Merkliste hinzuf\u00fcgen&hellip;\n","protected":false},"author":2,"featured_media":311144,"comment_status":"","ping_status":"","sticky":false,"template":"","format":"standard","meta":{"footnotes":""},"categories":[3974],"tags":[331,332,548,663,3934,3980,156,13,14,15,12],"class_list":{"0":"post-311143","1":"post","2":"type-post","3":"status-publish","4":"format-standard","5":"has-post-thumbnail","7":"category-frankreich","8":"tag-aktuelle-nachrichten","9":"tag-aktuelle-news","10":"tag-eu","11":"tag-europa","12":"tag-europe","13":"tag-france","14":"tag-frankreich","15":"tag-headlines","16":"tag-nachrichten","17":"tag-news","18":"tag-schlagzeilen"},"share_on_mastodon":{"url":"https:\/\/pubeurope.com\/@de\/114954346770553128","error":""},"_links":{"self":[{"href":"https:\/\/www.europesays.com\/de\/wp-json\/wp\/v2\/posts\/311143","targetHints":{"allow":["GET"]}}],"collection":[{"href":"https:\/\/www.europesays.com\/de\/wp-json\/wp\/v2\/posts"}],"about":[{"href":"https:\/\/www.europesays.com\/de\/wp-json\/wp\/v2\/types\/post"}],"author":[{"embeddable":true,"href":"https:\/\/www.europesays.com\/de\/wp-json\/wp\/v2\/users\/2"}],"replies":[{"embeddable":true,"href":"https:\/\/www.europesays.com\/de\/wp-json\/wp\/v2\/comments?post=311143"}],"version-history":[{"count":0,"href":"https:\/\/www.europesays.com\/de\/wp-json\/wp\/v2\/posts\/311143\/revisions"}],"wp:featuredmedia":[{"embeddable":true,"href":"https:\/\/www.europesays.com\/de\/wp-json\/wp\/v2\/media\/311144"}],"wp:attachment":[{"href":"https:\/\/www.europesays.com\/de\/wp-json\/wp\/v2\/media?parent=311143"}],"wp:term":[{"taxonomy":"category","embeddable":true,"href":"https:\/\/www.europesays.com\/de\/wp-json\/wp\/v2\/categories?post=311143"},{"taxonomy":"post_tag","embeddable":true,"href":"https:\/\/www.europesays.com\/de\/wp-json\/wp\/v2\/tags?post=311143"}],"curies":[{"name":"wp","href":"https:\/\/api.w.org\/{rel}","templated":true}]}}