{"id":311190,"date":"2025-08-01T16:25:16","date_gmt":"2025-08-01T16:25:16","guid":{"rendered":"https:\/\/www.europesays.com\/de\/311190\/"},"modified":"2025-08-01T16:25:16","modified_gmt":"2025-08-01T16:25:16","slug":"duesseldorf-prueft-aufnahme-von-kindern-aus-gaza-und-israel","status":"publish","type":"post","link":"https:\/\/www.europesays.com\/de\/311190\/","title":{"rendered":"D\u00fcsseldorf pr\u00fcft Aufnahme von Kindern aus Gaza und Israel"},"content":{"rendered":"<p>&#8222;Bilder sind schwer ertr\u00e4glich&#8220; <\/p>\n<p>D\u00fcsseldorf will Kinder aus Gaza und Israel aufnehmen<\/p>\n<p>Aktualisiert am 01.08.2025 &#8211; 16:40 UhrLesedauer: 1 Min.<\/p>\n<p><a href=\"#focus-0\" class=\"transition-colors duration-200 focus-within:text-magenta block text-current relative\" data-sctrack=\"FocusGalleryImage.Reference\"><img fetchpriority=\"high\" data-testid=\"Opener.Image\" style=\"--lqipURL:url('https:\/\/images.t-online.de\/2025\/07\/kVAuyLG-p1DN\/149x320:1858x1045\/fit-in\/150x0\/filters:blur(25)\/die-humanitaere-lage-in-gaza-ist-katastrophal.jpg')\"   loading=\"eager\" src=\"https:\/\/www.europesays.com\/de\/wp-content\/uploads\/2025\/08\/die-humanitaere-lage-in-gaza-ist-katastrophal.jpg\" alt=\"Nahostkonflikt - Gaza\" title=\"Nahostkonflikt - Gaza\" width=\"1858\" height=\"1045\" class=\"bg-[url:var(--lqipURL)] bg-cover bg-center flex h-full w-full max-w-full\" decoding=\"async\"\/><img style=\"--width:32;--height:32\" loading=\"lazy\" src=\"https:\/\/www.t-online.de\/s\/paper\/_next\/static\/media\/zoom-in.f7dae02f.svg\" alt=\"Vergr\u00f6\u00dfern des Bildes\" title=\"Vergr\u00f6\u00dfern des Bildes\" class=\"block h-[calc(var(--height)_\/_16_*_1rem)] w-[calc(var(--width)_\/_16_*_1rem)] max-w-none absolute bottom-8 right-8 rounded-4 bg-snow p-8\" decoding=\"async\"\/><\/a><\/p>\n<p>Camp in Gaza (Archivbild): Es gibt die Idee, Kinder aus Gaza und Israel nach D\u00fcsseldorf zu holen. (Quelle: Jehad Alshrafi\/AP\/dpa\/dpa-bilder)<\/p>\n<p class=\"font-bold text-18 leading-17\">Trotz des Wahlkampfs steht die Politik in D\u00fcsseldorf zusammen. Es gibt den Vorsto\u00df, verletzten und traumatisierten Kindern zu helfen.<\/p>\n<p class=\"text-18 leading-17\"><a class=\"transition-colors duration-200 cursor-pointer text-inherit no-underline text-salemsfur md:hover:text-magenta md:hover:border-magenta md:focus:text-magenta border-current border-b border-solid break-words\" href=\"https:\/\/www.t-online.de\/region\/duesseldorf\/\" data-sctrack=\"BodyAnchor\" rel=\"nofollow noopener\" target=\"_blank\">D\u00fcsseldorf<\/a> erw\u00e4gt, Kinder aus den Krisengebieten Gaza und <a class=\"transition-colors duration-200 cursor-pointer text-inherit no-underline text-salemsfur md:hover:text-magenta md:hover:border-magenta md:focus:text-magenta border-current border-b border-solid break-words\" href=\"https:\/\/www.t-online.de\/themen\/israel\/\" data-sctrack=\"BodyAnchor\" rel=\"nofollow noopener\" target=\"_blank\">Israel<\/a> aufzunehmen. Die Bilder von verletzten und traumatisierten Kindern \u2013 ob in Gaza oder Israel \u2013 sei schwer ertr\u00e4glich, teilten Oberb\u00fcrgermeister Stephan Keller (CDU), B\u00fcrgermeisterin Clara Gerlach (Gr\u00fcne) und SPD-Oberb\u00fcrgermeisterkandidat Fabian Zachel in einem gemeinsamen Statement am Freitagnachmittag (1. August) mit. &#8222;Wir blicken mit gro\u00dfer Sorge auf die Situation&#8220;, hei\u00dft es.<\/p>\n<p class=\"text-18 leading-17\">&#8222;Mit gro\u00dfem Interesse habe ich die Initiative meines Amtskollegen Belit Onay in <a class=\"transition-colors duration-200 cursor-pointer text-inherit no-underline text-salemsfur md:hover:text-magenta md:hover:border-magenta md:focus:text-magenta border-current border-b border-solid break-words\" href=\"https:\/\/www.t-online.de\/region\/hannover\/\" data-sctrack=\"BodyAnchor\" rel=\"nofollow noopener\" target=\"_blank\">Hannover<\/a>, Kindern aus dem Kriegsgebiet einen sicheren Ort in Deutschland zu bieten, verfolgt\u201c, sagt Keller: &#8222;Diese starke und zutiefst menschliche Geste wollen wir auch in D\u00fcsseldorf aufgreifen. Bei Fragen der Haltung und Menschlichkeit stehen wir in D\u00fcsseldorf \u00fcber Parteigrenzen hinweg zusammen.&#8220;<\/p>\n<p class=\"text-18 leading-17\">Mit breiter Mehrheit sagte der D\u00fcsseldorfer Stadtrat j\u00fcngst 500.000 Euro f\u00fcr ein Projekt zur Verst\u00e4ndigung zwischen arabisch- und hebr\u00e4ischsprachigen Kindern in Haifa zu. Gerlach meint: &#8222;Ein Zeichen unseres Engagements f\u00fcr Dialog und Vers\u00f6hnung \u2013 gerade in Zeiten, in denen Polarisierung und Hass zunehmen. Es ist nur konsequent, diesen Gedanken weiterzuverfolgen und jetzt ganz konkrete humanit\u00e4re Hilfe zu leisten.&#8220;<\/p>\n<p class=\"text-18 leading-17\">Der Kandidat der <a class=\"transition-colors duration-200 cursor-pointer text-inherit no-underline text-salemsfur md:hover:text-magenta md:hover:border-magenta md:focus:text-magenta border-current border-b border-solid break-words\" href=\"https:\/\/www.t-online.de\/themen\/spd\/\" data-sctrack=\"BodyAnchor\" rel=\"nofollow noopener\" target=\"_blank\">SPD<\/a> Zachel sagt: &#8222;Kinder sind durch Kriege in ganz besonderer Weise traumatisiert, ihnen gilt unsere uneingeschr\u00e4nkte Unterst\u00fctzung. Als Stadtgesellschaft \u00fcber Partei- und Glaubensgrenzen hinweg zu helfen, ist das Mindeste, was wir tun k\u00f6nnen.&#8220;<\/p>\n<p class=\"text-18 leading-17\">In der neuen Woche sollen weitere Schritte zur Realisierung des Vorhabens gepr\u00fcft werden. Dabei wird auch auf die Erfahrungen aus Hannover gesetzt.<\/p>\n","protected":false},"excerpt":{"rendered":"&#8222;Bilder sind schwer ertr\u00e4glich&#8220; D\u00fcsseldorf will Kinder aus Gaza und Israel aufnehmen Aktualisiert am 01.08.2025 &#8211; 16:40 UhrLesedauer:&hellip;\n","protected":false},"author":2,"featured_media":311191,"comment_status":"","ping_status":"","sticky":false,"template":"","format":"standard","meta":{"footnotes":""},"categories":[1831],"tags":[12171,33907,3364,29,3405,739,45930,738,30,411,6000,581,1209,4093],"class_list":{"0":"post-311190","1":"post","2":"type-post","3":"status-publish","4":"format-standard","5":"has-post-thumbnail","7":"category-duesseldorf","8":"tag-belit-onay","9":"tag-clara-gerlach","10":"tag-de","11":"tag-deutschland","12":"tag-duesseldorf","13":"tag-gaza","14":"tag-gazakrieg","15":"tag-gazastreifen","16":"tag-germany","17":"tag-israel","18":"tag-nahost","19":"tag-nahostkonflikt","20":"tag-nordrhein-westfalen","21":"tag-stephan-keller"},"share_on_mastodon":{"url":"https:\/\/pubeurope.com\/@de\/114954444866138540","error":""},"_links":{"self":[{"href":"https:\/\/www.europesays.com\/de\/wp-json\/wp\/v2\/posts\/311190","targetHints":{"allow":["GET"]}}],"collection":[{"href":"https:\/\/www.europesays.com\/de\/wp-json\/wp\/v2\/posts"}],"about":[{"href":"https:\/\/www.europesays.com\/de\/wp-json\/wp\/v2\/types\/post"}],"author":[{"embeddable":true,"href":"https:\/\/www.europesays.com\/de\/wp-json\/wp\/v2\/users\/2"}],"replies":[{"embeddable":true,"href":"https:\/\/www.europesays.com\/de\/wp-json\/wp\/v2\/comments?post=311190"}],"version-history":[{"count":0,"href":"https:\/\/www.europesays.com\/de\/wp-json\/wp\/v2\/posts\/311190\/revisions"}],"wp:featuredmedia":[{"embeddable":true,"href":"https:\/\/www.europesays.com\/de\/wp-json\/wp\/v2\/media\/311191"}],"wp:attachment":[{"href":"https:\/\/www.europesays.com\/de\/wp-json\/wp\/v2\/media?parent=311190"}],"wp:term":[{"taxonomy":"category","embeddable":true,"href":"https:\/\/www.europesays.com\/de\/wp-json\/wp\/v2\/categories?post=311190"},{"taxonomy":"post_tag","embeddable":true,"href":"https:\/\/www.europesays.com\/de\/wp-json\/wp\/v2\/tags?post=311190"}],"curies":[{"name":"wp","href":"https:\/\/api.w.org\/{rel}","templated":true}]}}