{"id":311221,"date":"2025-08-01T16:42:14","date_gmt":"2025-08-01T16:42:14","guid":{"rendered":"https:\/\/www.europesays.com\/de\/311221\/"},"modified":"2025-08-01T16:42:14","modified_gmt":"2025-08-01T16:42:14","slug":"die-royale-verwandtschaft-jubelt-talita-von-fuerstenberg-hat-sich-verlobt","status":"publish","type":"post","link":"https:\/\/www.europesays.com\/de\/311221\/","title":{"rendered":"Die royale Verwandtschaft jubelt! Talita von F\u00fcrstenberg hat sich verlobt"},"content":{"rendered":"<p>Talita von F\u00fcrstenberg<br \/>\nDiane von F\u00fcrstenbergs Enkelin hat sich verlobt<\/p>\n<p><img class=\"image image-element__image\"   src=\"https:\/\/www.europesays.com\/de\/wp-content\/uploads\/2025\/08\/diane-von-fuerstenberg-talita-von-fuerstenberg.jpg\" alt=\"Diane von F\u00fcrstenberg mit ihrer Enkelin Talita von F\u00fcrstenberg\" decoding=\"async\" fetchpriority=\"high\" loading=\"eager\"\/><br \/>\n<a href=\"https:\/\/image.gala.de\/24428594\/t\/Q3\/v4\/w2048\/r1.5\/-\/diane-von-fuerstenberg-talita-von-fuerstenberg.jpg#Donato%20Sardella%20%2F%20Getty%20Images\" class=\"image__magnifier\" aria-label=\"Vergr\u00f6\u00dfern\" rel=\"nofollow noopener\" target=\"_blank\"><\/p>\n<p> <a href=\"https:\/\/www.gala.de\/stars\/starportraets\/diane-von-furstenberg-20573138.html\" data-article-type=\"star-portrait\" rel=\"nofollow noopener\" target=\"_blank\">Diane von F\u00fcrstenberg<\/a> mit ihrer Enkelin Talita von F\u00fcrstenberg <\/p>\n<p>\u00a9 Donato Sardella \/ Getty Images<\/p>\n<p>\nGro\u00dfe Freude im F\u00fcrstenhaus: Talita von F\u00fcrstenberg hat Ja gesagt! Modedesignerin Diane von F\u00fcrstenberg verk\u00fcndet die freudige Nachricht auf Instagram \u2013 inklusive erstem Blick auf den Verlobungsring.\n<\/p>\n<p class=\"text-element u-richtext u-typo u-typo--article-text article__text-element text-element--context-article\"> Auf einem sonnendurchfluteten Bergpfad mit weitem Blick aufs azurblaue Meer h\u00e4lt Talita von F\u00fcrstenberg, 26, strahlend ihre linke Hand in die Kamera \u2013 und pr\u00e4sentiert dabei stolz ihren funkelnden Verlobungsring. Hinter ihr steht ihr langj\u00e4hriger Partner Rocco Brignone, 24, begeistert mit ausgestreckten Armen, als wolle er die ganze Welt wissen lassen: Sie hat Ja gesagt!<\/p>\n<p>Talita von F\u00fcrstenbergs Oma Diane verk\u00fcndet die Verlobung<\/p>\n<p class=\"text-element u-richtext u-typo u-typo--article-text article__text-element text-element--context-article\"> Urspr\u00fcnglich war diese Momentaufnahme wohl gar nicht f\u00fcr die \u00d6ffentlichkeit gedacht. Es ist keine Geringere als Modedesignerin und Gro\u00dfmutter Diane von F\u00fcrstenberg, 78, die das spontane Verlobungsfoto am Freitag, 1. August 2025, auf ihrem Instagram-Profil ver\u00f6ffentlicht \u2013 w\u00e4hrend Enkelin Talita selbst ein deutlich stilvoller inszeniertes Bild mit ihren Follower:innen teilt.<\/p>\n<p class=\"text-element u-richtext u-typo u-typo--article-text article__text-element text-element--context-article\"> &#8222;Talita und Rocco sind verlobt !!! Er hat ihr einen Antrag gemacht &#8230;. Sie hat angenommen! Schlie\u00dfe dich mir an und w\u00fcnsche den beiden ein gl\u00fcckliches, freudiges Leben zusammen. LIEBE ist LEBEN&#8220;, jubelt die stolze Oma. Bei so viel \u00fcberschw\u00e4nglicher Freude d\u00fcrfte Talita ihr kaum b\u00f6se sein \u2013 zumal es gerade die echten, ungefilterten Momente wie dieser sind, die in den sozialen Netzwerken besonders gut ankommen.<\/p>\n<p>Die k\u00f6nigliche Verwandtschaft gratuliert<\/p>\n<p class=\"text-element u-richtext u-typo u-typo--article-text article__text-element text-element--context-article\"> Auch die 26-J\u00e4hrige postet zeitgleich ein erstes Bild von sich und ihrem Verlobten. &#8222;F\u00fcr immer!!!!!!!!!!!! Ich liebe dich so sehr, dass mein Herz zerspringt&#8220;, hei\u00dft es zu einem Kussfoto der beiden, welches Talita und Rocco vor der untergehenden Sonne eng umschlungen am Rand eines malerischen Felsufers zeigt.\u00a0<\/p>\n<p class=\"text-element u-richtext u-typo u-typo--article-text article__text-element text-element--context-article\"> In der Kommentarspalte regnet es zahlreiche Gl\u00fcckw\u00fcnsche \u2013 darunter von ihrer Tante <a class=\"link--person\" data-target-type=\"article\" href=\"https:\/\/www.gala.de\/stars\/starportraets\/prinzessin-marie-chantal-von-griechenland-21970344.html\" rel=\"nofollow noopener\" target=\"_blank\">Prinzessin Marie-Chantal<\/a> von Griechenland, 56, und ihrem angeheirateten Onkel <a class=\"link--person\" data-target-type=\"article\" href=\"https:\/\/www.gala.de\/stars\/starportraets\/steckbrief-des-griechischen-exil-prinzen-pavlos-22202642.html\" rel=\"nofollow noopener\" target=\"_blank\">Prinz Pavlos<\/a>, 57.<\/p>\n<p><img class=\"image image-element__image\"   src=\"https:\/\/www.europesays.com\/de\/wp-content\/uploads\/2025\/08\/rocco-brignone-talita-von-fuerstenberg.jpg\" alt=\"Rocco Brignone und Talita von F\u00fcrstenberg feiern ihre Verlobung mit einem innigen Kuss vor traumhafter Kulisse.\" decoding=\"async\" fetchpriority=\"auto\" loading=\"lazy\"\/><br \/>\n<a href=\"https:\/\/image.gala.de\/24428612\/t\/Tx\/v6\/w2048\/r0\/-\/rocco-brignone-talita-von-fuerstenberg.jpg#instagram.com%2Ftvf\" class=\"image__magnifier\" aria-label=\"Vergr\u00f6\u00dfern\" rel=\"nofollow noopener\" target=\"_blank\"><\/p>\n<p> Rocco Brignone und Talita von F\u00fcrstenberg feiern ihre Verlobung mit einem innigen Kuss vor traumhafter Kulisse. <\/p>\n<p>\u00a9 instagram.com\/tvf<\/p>\n<p class=\"text-element u-richtext u-typo u-typo--article-text article__text-element text-element--context-article\"> Talita ist die Tochter von <a class=\"link--person\" data-target-type=\"article\" href=\"https:\/\/www.gala.de\/stars\/starportraets\/diane-von-furstenberg-20573138.html\" rel=\"nofollow noopener\" target=\"_blank\">Diane von F\u00fcrstenbergs<\/a> Sohn Prinz Alexander von F\u00fcrstenberg, 55. Er ging aus ihrer ersten Ehe mit dem Schweizer Modedesigner <a class=\"\" data-target-type=\"article\" href=\"https:\/\/www.gala.de\/stars\/starportraets\/themen\/egon-von-fuerstenberg-21028138.html\" target=\"_self\" rel=\"nofollow noopener\">Egon von F\u00fcrstenberg<\/a>, \u202057, hervor, der dem deutschen Hochadel entstammte. Durch ihre Heirat 1969 erhielt die geb\u00fcrtige Belgierin den Adelstitel &#8222;Ihre Durchlaucht Prinzessin Diane von F\u00fcrstenberg&#8220;.<\/p>\n<p class=\"text-element u-richtext u-typo u-typo--article-text article__text-element text-element--context-article\"> Talitas Mutter Alexandra von F\u00fcrstenberg, 52, ist die j\u00fcngste Tochter des US-amerikanischen Milliard\u00e4rs <a class=\"\" data-target-type=\"article\" href=\"https:\/\/www.gala.de\/royals\/allgemein\/themen\/robert-warren-miller-21139282.html\" target=\"_self\" rel=\"nofollow noopener\">Robert Warren Miller<\/a>, 92. Ihre Schwester, also Talitas Tante, Marie-Chantal heiratete im Juli 1995 Prinz Pavlos, den ehemaligen Kronprinzen Griechenlands.<\/p>\n<p><img class=\"image image-element__image\"   src=\"https:\/\/www.europesays.com\/de\/wp-content\/uploads\/2025\/08\/alexander-von-fuerstenberg-talita-von-fuerstenberg-alexandra-von-fuerstenberg.jpg\" alt=\"Prinz Alexander von F\u00fcrstenberg mit seiner Tochter Talita und Ex-Frau Alexandra bei einem Event im April 2019\" decoding=\"async\" fetchpriority=\"auto\" loading=\"lazy\"\/><br \/>\n<a href=\"https:\/\/image.gala.de\/24428674\/t\/uc\/v4\/w2048\/r1.5\/-\/alexander-von-fuerstenberg-talita-von-fuerstenberg-alexandra-von-fuerstenberg.jpg#Donato%20Sardella%20%2F%20Getty%20Images\" class=\"image__magnifier\" aria-label=\"Vergr\u00f6\u00dfern\" rel=\"nofollow noopener\" target=\"_blank\"><\/p>\n<p> Prinz Alexander von F\u00fcrstenberg mit seiner Tochter Talita und Ex-Frau Alexandra bei einem Event im April 2019 in Hollywood, Kalifornien. <\/p>\n<p>\u00a9 Donato Sardella \/ Getty Images<\/p>\n<p>Luxus statt Krone: Talitas Verlobter kommt aus gutem Hause<\/p>\n<p class=\"text-element u-richtext u-typo u-typo--article-text article__text-element text-element--context-article\"> Talitas Auserw\u00e4hlter tr\u00e4gt zwar keinen Adelstitel, blickt dennoch bereits in jungen Jahren auf eine beeindruckende Familienhistorie zur\u00fcck: Wie &#8222;Tatler&#8220; berichtet, besitzt die Familie des geb\u00fcrtigen Italieners das Luxus-Resort Costa Careyes in Mexiko. Seinem LinkedIn-Profil zufolge ist Brignone seit Oktober 2023 als Investmentbanking-Analyst in New York City t\u00e4tig. Gemeinsam blicken Talita und Rocco nun einer Zukunft entgegen, in der ihre Liebe und Herkunft ein ebenso prachtvolles Paar bilden wie sie selbst.<\/p>\n<p class=\"text-element u-richtext u-typo u-typo--article-text article__text-element text-element--context-article\"> Verwendete Quellen: instagram.com, tatler.com, linkedin.com<\/p>\n<p>\nlgi<br \/>\nGala\n<\/p>\n<p>#Themen<\/p>\n<p><script async src=\"\/\/www.instagram.com\/embed.js\"><\/script><\/p>\n","protected":false},"excerpt":{"rendered":"Talita von F\u00fcrstenberg Diane von F\u00fcrstenbergs Enkelin hat sich verlobt Diane von F\u00fcrstenberg mit ihrer Enkelin Talita von&hellip;\n","protected":false},"author":2,"featured_media":311222,"comment_status":"","ping_status":"","sticky":false,"template":"","format":"standard","meta":{"footnotes":""},"categories":[1776],"tags":[1801,29,214,30,1802,215],"class_list":{"0":"post-311221","1":"post","2":"type-post","3":"status-publish","4":"format-standard","5":"has-post-thumbnail","7":"category-prominente","8":"tag-celebrities","9":"tag-deutschland","10":"tag-entertainment","11":"tag-germany","12":"tag-prominente","13":"tag-unterhaltung"},"share_on_mastodon":{"url":"https:\/\/pubeurope.com\/@de\/114954511707563934","error":""},"_links":{"self":[{"href":"https:\/\/www.europesays.com\/de\/wp-json\/wp\/v2\/posts\/311221","targetHints":{"allow":["GET"]}}],"collection":[{"href":"https:\/\/www.europesays.com\/de\/wp-json\/wp\/v2\/posts"}],"about":[{"href":"https:\/\/www.europesays.com\/de\/wp-json\/wp\/v2\/types\/post"}],"author":[{"embeddable":true,"href":"https:\/\/www.europesays.com\/de\/wp-json\/wp\/v2\/users\/2"}],"replies":[{"embeddable":true,"href":"https:\/\/www.europesays.com\/de\/wp-json\/wp\/v2\/comments?post=311221"}],"version-history":[{"count":0,"href":"https:\/\/www.europesays.com\/de\/wp-json\/wp\/v2\/posts\/311221\/revisions"}],"wp:featuredmedia":[{"embeddable":true,"href":"https:\/\/www.europesays.com\/de\/wp-json\/wp\/v2\/media\/311222"}],"wp:attachment":[{"href":"https:\/\/www.europesays.com\/de\/wp-json\/wp\/v2\/media?parent=311221"}],"wp:term":[{"taxonomy":"category","embeddable":true,"href":"https:\/\/www.europesays.com\/de\/wp-json\/wp\/v2\/categories?post=311221"},{"taxonomy":"post_tag","embeddable":true,"href":"https:\/\/www.europesays.com\/de\/wp-json\/wp\/v2\/tags?post=311221"}],"curies":[{"name":"wp","href":"https:\/\/api.w.org\/{rel}","templated":true}]}}