{"id":311384,"date":"2025-08-01T18:12:18","date_gmt":"2025-08-01T18:12:18","guid":{"rendered":"https:\/\/www.europesays.com\/de\/311384\/"},"modified":"2025-08-01T18:12:18","modified_gmt":"2025-08-01T18:12:18","slug":"der-tag-magen-darm-gefahr-hersteller-ruft-marken-salami-zurueck","status":"publish","type":"post","link":"https:\/\/www.europesays.com\/de\/311384\/","title":{"rendered":"Der Tag: Magen-Darm-Gefahr &#8211; Hersteller ruft Marken-Salami zur\u00fcck"},"content":{"rendered":"<p>                    Der Tag<br \/>\n                Magen-Darm-Gefahr &#8211; Hersteller ruft Marken-Salami zur\u00fcck<\/p>\n<p>\t\t\t\t              01.08.2025, 18:37 Uhr<\/p>\n<p><b>Unappetitliche<\/b>, aber <b>wichtige <\/b>News zum Abend &#8211; ich entschuldige mich im Voraus! <\/p>\n<p>  <a href=\"https:\/\/www.europesays.com\/de\/wp-content\/uploads\/2025\/08\/250801-02-NW-Salami-Bild.jpg\">     <img decoding=\"async\" alt=\"250801_02_NW_Salami_Bild.png\" src=\"https:\/\/www.europesays.com\/de\/wp-content\/uploads\/2025\/08\/250801-02-NW-Salami-Bild.jpg\" class=\"lazyload\"\/>  <\/a>   <\/p>\n<p class=\"article__aside__copy\">(Foto: Franz Wiltmann GmbH &amp; Co. KG)<\/p>\n<p>Die Franz <b>Wiltmann<\/b> GmbH &amp; Co. KG ruft ihre Marken-Rindersalami in der markanten, runden Verpackung zur\u00fcck. Bei einer Routinekontrolle wurden Shigatoxin-bildende <b>Escherichia-coli-Bakterien<\/b> gefunden &#8211; <b>E.coli<\/b>. Nun drohen Verbrauchern <b>Infektionen mit Durchfall und Bauchkr\u00e4mpfen<\/b>. <\/p>\n<p>&#8222;Insbesondere S\u00e4uglinge, Kleinkinder, Senioren und Menschen mit geschw\u00e4chtem Abwehrsystem k\u00f6nnen <b>schwerere Krankheitsverl\u00e4ufe<\/b> mit blutigen Durchf\u00e4llen entwickeln&#8220;, teilt das Unternehmen mit. &#8222;Personen, die dieses Lebensmittel gegessen haben und schwere oder anhaltende Symptome entwickeln, sollten <b>\u00e4rztliche Hilfe aufsuchen<\/b> und auf eine m\u00f6gliche EHEC-Infektion hinweisen&#8220;, hei\u00dft es weiter.<\/p>\n<p>Das Produkt &#8211; die <b>70 Gramm<\/b> schwere Packung &#8222;Wiltmann Rein Rind Salami&#8220; &#8211; wurde deutschlandweit bei Netto, Edeka, Kaufland sowie weiteren H\u00e4ndlern verkauft. Betroffen sind die <b>Mindesthaltbarkeitsdaten 14. August, 21. August sowie 25. August 2025<\/b> mit der Chargennummer <b>L2517700010<\/b>.<\/p>\n","protected":false},"excerpt":{"rendered":"Der Tag Magen-Darm-Gefahr &#8211; Hersteller ruft Marken-Salami zur\u00fcck 01.08.2025, 18:37 Uhr Unappetitliche, aber wichtige News zum Abend &#8211;&hellip;\n","protected":false},"author":2,"featured_media":311385,"comment_status":"","ping_status":"","sticky":false,"template":"","format":"standard","meta":{"footnotes":""},"categories":[134],"tags":[175,170,169,282,29,30,58070,89521,89522,171,174,1781,173,172],"class_list":{"0":"post-311384","1":"post","2":"type-post","3":"status-publish","4":"format-standard","5":"has-post-thumbnail","7":"category-unternehmen-maerkte","8":"tag-business","9":"tag-companies","10":"tag-companies-markets","11":"tag-der","12":"tag-deutschland","13":"tag-germany","14":"tag-hersteller","15":"tag-magen-darm-gefahr","16":"tag-marken-salami","17":"tag-markets","18":"tag-maerkte","19":"tag-tag","20":"tag-unternehmen","21":"tag-unternehmen-maerkte"},"share_on_mastodon":{"url":"https:\/\/pubeurope.com\/@de\/114954865626195383","error":""},"_links":{"self":[{"href":"https:\/\/www.europesays.com\/de\/wp-json\/wp\/v2\/posts\/311384","targetHints":{"allow":["GET"]}}],"collection":[{"href":"https:\/\/www.europesays.com\/de\/wp-json\/wp\/v2\/posts"}],"about":[{"href":"https:\/\/www.europesays.com\/de\/wp-json\/wp\/v2\/types\/post"}],"author":[{"embeddable":true,"href":"https:\/\/www.europesays.com\/de\/wp-json\/wp\/v2\/users\/2"}],"replies":[{"embeddable":true,"href":"https:\/\/www.europesays.com\/de\/wp-json\/wp\/v2\/comments?post=311384"}],"version-history":[{"count":0,"href":"https:\/\/www.europesays.com\/de\/wp-json\/wp\/v2\/posts\/311384\/revisions"}],"wp:featuredmedia":[{"embeddable":true,"href":"https:\/\/www.europesays.com\/de\/wp-json\/wp\/v2\/media\/311385"}],"wp:attachment":[{"href":"https:\/\/www.europesays.com\/de\/wp-json\/wp\/v2\/media?parent=311384"}],"wp:term":[{"taxonomy":"category","embeddable":true,"href":"https:\/\/www.europesays.com\/de\/wp-json\/wp\/v2\/categories?post=311384"},{"taxonomy":"post_tag","embeddable":true,"href":"https:\/\/www.europesays.com\/de\/wp-json\/wp\/v2\/tags?post=311384"}],"curies":[{"name":"wp","href":"https:\/\/api.w.org\/{rel}","templated":true}]}}