{"id":311500,"date":"2025-08-01T19:18:10","date_gmt":"2025-08-01T19:18:10","guid":{"rendered":"https:\/\/www.europesays.com\/de\/311500\/"},"modified":"2025-08-01T19:18:10","modified_gmt":"2025-08-01T19:18:10","slug":"berlin-brandenburg-chemikalien-ausgetreten-feuerwehreinsatz-an-tu","status":"publish","type":"post","link":"https:\/\/www.europesays.com\/de\/311500\/","title":{"rendered":"Berlin &#038; Brandenburg: Chemikalien ausgetreten &#8211; Feuerwehreinsatz an TU"},"content":{"rendered":"<p>                    Berlin &amp; Brandenburg<br \/>\n                Chemikalien ausgetreten &#8211; Feuerwehreinsatz an TU<\/p>\n<p>\t\t\t\t              01.08.2025, 20:18 Uhr<\/p>\n<p><strong>An der Berliner Hochschule wird Brandalarm ausgel\u00f6st. Flammen m\u00fcssen die Feuerwehrleute nicht l\u00f6schen. Es sind andere Spezialisten gefragt.<\/strong><\/p>\n<p>Berlin (dpa\/bb) &#8211; Ausgelaufenes L\u00f6sungsmittel hat zu einem Feuerwehreinsatz an der Technischen Universit\u00e4t Berlin gef\u00fchrt. Verletzt wurde niemand. F\u00fcr die Bev\u00f6lkerung habe durch die Chemikalie keine Gefahr bestanden, sagte ein Sprecher der Berliner Feuerwehr.\u00a0<\/p>\n<p>Die Helfer wurden demnach gegen 17.10 Uhr alarmiert. Die Brandmeldeanlage sei vermutlich durch eine Gaswolke ausgel\u00f6st worden, erkl\u00e4rte der Sprecher. Feuerwehrleute h\u00e4tten dann den Austritt der Chemikalie in einem Lagerraum festgestellt, der sich in einem gesonderten Bereich befinde.\u00a0<\/p>\n<p>Spezialkr\u00e4fte wurden laut Sprecher hinzugerufen. Gesch\u00fctzt durch spezielle Anz\u00fcge banden die Experten die Chemikalie und brachten sie in einem gesicherten Beh\u00e4lter zur Entsorgung.<\/p>\n<p>Laut Feuerwehr musste das TU-Geb\u00e4ude nicht evakuiert werden. F\u00fcr den Autoverkehr auf der Stra\u00dfe des 17. Juni habe es keine Behinderungen gegeben. Lediglich auf Fu\u00df- und Radwegen sei es w\u00e4hrend des gut zweist\u00fcndigen Einsatzes zu Beeintr\u00e4chtigungen gekommen.<\/p>\n","protected":false},"excerpt":{"rendered":"Berlin &amp; Brandenburg Chemikalien ausgetreten &#8211; Feuerwehreinsatz an TU 01.08.2025, 20:18 Uhr An der Berliner Hochschule wird Brandalarm&hellip;\n","protected":false},"author":2,"featured_media":311501,"comment_status":"","ping_status":"","sticky":false,"template":"","format":"standard","meta":{"footnotes":""},"categories":[1816],"tags":[1960,1958,1959,1957,296,1956,1890,14195,29,3401,30,36048],"class_list":{"0":"post-311500","1":"post","2":"type-post","3":"status-publish","4":"format-standard","5":"has-post-thumbnail","7":"category-brandenburg","8":"tag-aktuelle-nachrichten-aus-berlin-und-brandenburg","9":"tag-aktuelle-nachrichten-aus-brandenburg","10":"tag-aktuelle-news-aus-berlin-und-brandenburg","11":"tag-aktuelle-news-aus-brandenburg","12":"tag-berlin","13":"tag-berlin-und-brandenburg","14":"tag-brandenburg","15":"tag-chemikalien","16":"tag-deutschland","17":"tag-feuerwehreinsatz","18":"tag-germany","19":"tag-tu"},"share_on_mastodon":{"url":"https:\/\/pubeurope.com\/@de\/114955125131108993","error":""},"_links":{"self":[{"href":"https:\/\/www.europesays.com\/de\/wp-json\/wp\/v2\/posts\/311500","targetHints":{"allow":["GET"]}}],"collection":[{"href":"https:\/\/www.europesays.com\/de\/wp-json\/wp\/v2\/posts"}],"about":[{"href":"https:\/\/www.europesays.com\/de\/wp-json\/wp\/v2\/types\/post"}],"author":[{"embeddable":true,"href":"https:\/\/www.europesays.com\/de\/wp-json\/wp\/v2\/users\/2"}],"replies":[{"embeddable":true,"href":"https:\/\/www.europesays.com\/de\/wp-json\/wp\/v2\/comments?post=311500"}],"version-history":[{"count":0,"href":"https:\/\/www.europesays.com\/de\/wp-json\/wp\/v2\/posts\/311500\/revisions"}],"wp:featuredmedia":[{"embeddable":true,"href":"https:\/\/www.europesays.com\/de\/wp-json\/wp\/v2\/media\/311501"}],"wp:attachment":[{"href":"https:\/\/www.europesays.com\/de\/wp-json\/wp\/v2\/media?parent=311500"}],"wp:term":[{"taxonomy":"category","embeddable":true,"href":"https:\/\/www.europesays.com\/de\/wp-json\/wp\/v2\/categories?post=311500"},{"taxonomy":"post_tag","embeddable":true,"href":"https:\/\/www.europesays.com\/de\/wp-json\/wp\/v2\/tags?post=311500"}],"curies":[{"name":"wp","href":"https:\/\/api.w.org\/{rel}","templated":true}]}}