{"id":311576,"date":"2025-08-01T19:59:11","date_gmt":"2025-08-01T19:59:11","guid":{"rendered":"https:\/\/www.europesays.com\/de\/311576\/"},"modified":"2025-08-01T19:59:11","modified_gmt":"2025-08-01T19:59:11","slug":"ukraine-news-trump-will-zwei-atom-u-boote-richtung-russland-schicken-politik","status":"publish","type":"post","link":"https:\/\/www.europesays.com\/de\/311576\/","title":{"rendered":"Ukraine News: Trump will zwei Atom-U-Boote Richtung Russland schicken &#8211; Politik"},"content":{"rendered":"<p>Trump k\u00fcndigt Stationierung von Atom-U-Booten anAls Reaktion auf die \u00c4u\u00dferungen des fr\u00fcheren russischen Pr\u00e4sidenten Dmitri Medwedew k\u00fcndigt US-Pr\u00e4sident Donald Trump die Stationierung von zwei Atom-U-Booten an. Er habe angeordnet, dass die U-Boote in &#8222;entsprechenden Regionen&#8220; Position bez\u00f6gen, f\u00fcr den Fall, dass diese &#8222;t\u00f6richten und aufr\u00fchrerischen \u00c4u\u00dferungen&#8220; mehr als nur das seien, <a href=\"https:\/\/truthsocial.com\/@realDonaldTrump\/posts\/114954549017557270\" rel=\"noopener\" target=\"_blank\">schreibt Trump auf Truth Social.<\/a> &#8222;Worte sind sehr wichtig und k\u00f6nnen oft zu unbeabsichtigten Konsequenzen f\u00fchren.&#8220; Er hoffe, dass dies nicht einer dieser F\u00e4lle sei.\u00a0<\/p>\n<p>Trump und Medwedew streiten sich bereits seit Tagen \u00f6ffentlich. Ausgangspunkt war Trumps neues Ultimatum, bei dem er die Frist f\u00fcr eine Waffenruhe oder einen Frieden zwischen Russland und der von Moskau angegriffenen Ukraine auf zehn Tage verk\u00fcrzte und mit Sanktionen drohte. Diese Frist l\u00e4uft kommende Woche ab.\u00a0<\/p>\n<p>Medwedew, der Vize-Vorsitzender des russischen Sicherheitsrates ist, drohte daraufhin auf der Plattform X unter anderem eine direkte milit\u00e4rische Auseinandersetzung zwischen Russland und den USA an. Jedes Ultimatum sei demnach ein Schritt auf dem Weg zum Krieg. Trump bezeichnete er unter anderem als \u201eOpa\u201c.\u00a0<\/p>\n<p>&#8222;Sagt Medwedew, dem gescheiterten ehemaligen Pr\u00e4sidenten Russlands, der denkt, dass er immer noch Pr\u00e4sident ist, er soll auf seine Worte achten. Er betritt sehr gef\u00e4hrliches Gel\u00e4nde&#8220;, schrieb Trump in seinem Online-Netzwerk Truth Social. Medwedew konterte \u00fcber den Messengerdienst Telegram, Trump sollte nicht vergessen, &#8222;wie gef\u00e4hrlich die sagenumwobene &#8218;Tote Hand&#8216; sein kann&#8220;. Damit ist ein halbautomatisches russisches Kommandosystem gemeint. Es ist daf\u00fcr ausgelegt, Atomraketen zu starten.<\/p>\n","protected":false},"excerpt":{"rendered":"Trump k\u00fcndigt Stationierung von Atom-U-Booten anAls Reaktion auf die \u00c4u\u00dferungen des fr\u00fcheren russischen Pr\u00e4sidenten Dmitri Medwedew k\u00fcndigt US-Pr\u00e4sident&hellip;\n","protected":false},"author":2,"featured_media":311577,"comment_status":"","ping_status":"","sticky":false,"template":"","format":"standard","meta":{"footnotes":""},"categories":[4012],"tags":[331,332,147,106,13,6471,5793,1435,148,14,1159,15,16,6472,307,12,6473,149,317,6474,306,6475,107],"class_list":{"0":"post-311576","1":"post","2":"type-post","3":"status-publish","4":"format-standard","5":"has-post-thumbnail","7":"category-ukraine","8":"tag-aktuelle-nachrichten","9":"tag-aktuelle-news","10":"tag-ausland","11":"tag-donald-trump","12":"tag-headlines","13":"tag-hilfe-fuer-die-ukraine","14":"tag-kiew","15":"tag-krieg-in-der-ukraine","16":"tag-leserdiskussion","17":"tag-nachrichten","18":"tag-nato","19":"tag-news","20":"tag-politik","21":"tag-politik-russland","22":"tag-russland","23":"tag-schlagzeilen","24":"tag-sicherheitspolitik","25":"tag-sueddeutsche-zeitung","26":"tag-ukraine","27":"tag-waffenlieferungen","28":"tag-wladimir-putin","29":"tag-wolodimir-selenskij","30":"tag-wolodymyr-selenskyj"},"share_on_mastodon":{"url":"https:\/\/pubeurope.com\/@de\/114955286877603811","error":""},"_links":{"self":[{"href":"https:\/\/www.europesays.com\/de\/wp-json\/wp\/v2\/posts\/311576","targetHints":{"allow":["GET"]}}],"collection":[{"href":"https:\/\/www.europesays.com\/de\/wp-json\/wp\/v2\/posts"}],"about":[{"href":"https:\/\/www.europesays.com\/de\/wp-json\/wp\/v2\/types\/post"}],"author":[{"embeddable":true,"href":"https:\/\/www.europesays.com\/de\/wp-json\/wp\/v2\/users\/2"}],"replies":[{"embeddable":true,"href":"https:\/\/www.europesays.com\/de\/wp-json\/wp\/v2\/comments?post=311576"}],"version-history":[{"count":0,"href":"https:\/\/www.europesays.com\/de\/wp-json\/wp\/v2\/posts\/311576\/revisions"}],"wp:featuredmedia":[{"embeddable":true,"href":"https:\/\/www.europesays.com\/de\/wp-json\/wp\/v2\/media\/311577"}],"wp:attachment":[{"href":"https:\/\/www.europesays.com\/de\/wp-json\/wp\/v2\/media?parent=311576"}],"wp:term":[{"taxonomy":"category","embeddable":true,"href":"https:\/\/www.europesays.com\/de\/wp-json\/wp\/v2\/categories?post=311576"},{"taxonomy":"post_tag","embeddable":true,"href":"https:\/\/www.europesays.com\/de\/wp-json\/wp\/v2\/tags?post=311576"}],"curies":[{"name":"wp","href":"https:\/\/api.w.org\/{rel}","templated":true}]}}