{"id":311590,"date":"2025-08-01T20:07:19","date_gmt":"2025-08-01T20:07:19","guid":{"rendered":"https:\/\/www.europesays.com\/de\/311590\/"},"modified":"2025-08-01T20:07:19","modified_gmt":"2025-08-01T20:07:19","slug":"nahost-wadephul-warnt-israel-vor-annexion-des-westjordanlandes-und-gaza","status":"publish","type":"post","link":"https:\/\/www.europesays.com\/de\/311590\/","title":{"rendered":"Nahost: Wadephul warnt Israel vor Annexion des Westjordanlandes und Gaza"},"content":{"rendered":"<p class=\"paragraph article__item\">Au\u00dfenminister Johann Wadephul<br \/>\n hat Israel mit deutlichen Worten vor einer Annexion des<br \/>\nWestjordanlandes oder von Gaza gewarnt. Damit bezog er sich <a href=\"https:\/\/www.zeit.de\/politik\/ausland\/2025-05\/israel-plaene-gaza-krieg-benjamin-netanjahu\" class=\"\" target=\"_blank\" rel=\"noopener\">auf\u00a0\u00c4u\u00dferungen<br \/>\nisraelischer Politiker<\/a> und eine j\u00fcngst vom Parlament gefasste<br \/>\nResolution. In ihr wird die israelische Regierung dazu aufgefordert, die<br \/>\n&#8222;Souver\u00e4nit\u00e4t&#8220; des Staates <a class=\"rtr-entity\" href=\"https:\/\/www.zeit.de\/thema\/israel\" target=\"_blank\" rel=\"noopener\">Israel<\/a> auf alle j\u00fcdischen Siedlungen im<br \/>\nWestjordanland auszudehnen.\u00a0&#8222;Jegliche Annexionsfantasien, sei es f\u00fcr Gaza<br \/>\noder f\u00fcr das Westjordanland, die auch von Teilen der israelischen<br \/>\nRegierung hervorgebracht werden, lehnen wir klar ab&#8220;, sagte Wadephul. &#8222;Sie w\u00fcrden von Deutschland nicht anerkannt werden.&#8220;\n<\/p>\n<p class=\"paragraph article__item\">Bei seinem Besuch in Ramallah verurteilte der deutsche Au\u00dfenminister auch <a href=\"https:\/\/www.zeit.de\/politik\/ausland\/2025-06\/westjordanland-israel-siedlergewalt-checkpoints-gaza\" class=\"\" target=\"_blank\" rel=\"noopener\">die zunehmende Gewalt j\u00fcdischer Siedler gegen die<br \/>\npal\u00e4stinensische Bev\u00f6lkerung<\/a>.\u00a0&#8222;Solche Taten sind Verbrechen, sie sind Terror und sie geh\u00f6ren endlich polizeilich verfolgt.&#8220; Die <a class=\"rtr-entity\" href=\"https:\/\/www.zeit.de\/thema\/bundesregierung\" target=\"_blank\" rel=\"noopener\">Bundesregierung<\/a> werde sich auf europ\u00e4ischer Ebene f\u00fcr weitere Sanktionen gegen gewaltt\u00e4tige Siedler einsetzen.\u00a0\n<\/p>\n<p class=\"paragraph article__item\">Die Lage im <a class=\"rtr-entity\" href=\"https:\/\/www.zeit.de\/thema\/westjordanland\" target=\"_blank\" rel=\"noopener\">Westjordanland<\/a> hat sich <a href=\"https:\/\/www.zeit.de\/2025\/05\/westjordanland-nahostkonflikt-israel-kaempfe-frieden\" class=\"\" target=\"_blank\" rel=\"noopener\">seit Beginn<br \/>\ndes Gazakriegs zugespitzt<\/a>. Seitdem wurden dort nach Angaben<br \/>\ndes pal\u00e4stinensischen Gesundheitsministeriums bei israelischen<br \/>\nMilit\u00e4reins\u00e4tzen, bewaffneten Auseinandersetzungen und Anschl\u00e4gen von<br \/>\nExtremisten mehr als 960 Pal\u00e4stinenser get\u00f6tet. Kritiker werfen der israelischen Regierung vor, sie lasse den Siedlern dabei freie Hand.\u00a0\n<\/p>\n<p>        Deutschland will Wiederaufbauprozess &#8222;aktiv unterst\u00fctzen&#8220;        <\/p>\n<p class=\"paragraph article__item\">Nach einem Gespr\u00e4ch mit<br \/>\nPal\u00e4stinenserpr\u00e4sident Mahmud Abbas in Ramallah <a href=\"https:\/\/www.zeit.de\/politik\/ausland\/2025-08\/johann-wadephul-israel-palaestina-gaza-hamas-geiseln\" class=\"\" target=\"_blank\" rel=\"noopener\">\u00e4u\u00dferte sich Wadephul au\u00dferdem zu einem Staat Pal\u00e4stina<\/a>: &#8222;Wir unterst\u00fctzen das Recht der Pal\u00e4stinenser auf einen<br \/>\neigenen Staat zum Ende eines politischen Prozesses.&#8220;\u00a0Er sei aber gegen<br \/>\neine vorzeitige Anerkennung. Damit bekr\u00e4ftigte er die bisherige Position der Bundesregierung. Gro\u00dfbritannien, Frankreich\u00a0<a href=\"https:\/\/www.zeit.de\/politik\/ausland\/2025-07\/kanada-mark-carney-anerkennung-palaestina\" class=\"\" target=\"_blank\" rel=\"noopener\">und Kanada haben eine Anerkennung hingegen zuletzt in Aussicht gestellt<\/a>.\n<\/p>\n<p>                            \u00a9\u00a0Lea Dohle<\/p>\n<p>\n                                        Newsletter<br \/>\n                                        Was jetzt? \u2013 Der t\u00e4gliche Morgen\u00fcberblick<\/p>\n<p class=\"newsletter-signup__text\">Starten Sie mit unserem kurzen Nachrichten-Newsletter in den Tag. Erhalten Sie zudem freitags den US-Sonderletter &#8222;Was jetzt, America?&#8220; sowie das digitale Magazin ZEIT am Wochenende.<\/p>\n<p class=\"newsletter-signup__datapolicy\" hidden=\"\">\n            Mit Ihrer Registrierung nehmen Sie die <a href=\"https:\/\/datenschutz.zeit.de\/zon#Newsletter\" target=\"_blank\" rel=\"noopener\">Datenschutzerkl\u00e4rung<\/a> zur Kenntnis.\n        <\/p>\n<p>    Vielen Dank! Wir haben Ihnen eine E-Mail geschickt.<\/p>\n<p>Pr\u00fcfen Sie Ihr Postfach und best\u00e4tigen Sie das Newsletter-Abonnement.<\/p>\n<p class=\"paragraph article__item\">Wadephul sagte, Deutschland sei nach einem Ende des Gazakriegs bereit, den Wiederaufbauprozess aktiv zu unterst\u00fctzen. Daf\u00fcr m\u00fcsse die demokratische Legitimation der Pal\u00e4stinensischen Autonomiebeh\u00f6rde erneuert werden. Sie d\u00fcrfe aber auch nicht finanziell ausgetrocknet werden. Wadephul forderte die israelische Regierung auf, zur\u00fcckgehaltene Steuergelder, die den Pal\u00e4stinensern rechtm\u00e4\u00dfig zust\u00fcnden, an die Beh\u00f6rde weiterzugeben. Die Hamas d\u00fcrfe in einem k\u00fcnftigen pal\u00e4stinensischen Staat keine politische Rolle spielen.\n<\/p>\n<p>                        Merz will nach Wadephuls Bericht \u00fcber weiteren Kurs entscheiden        <\/p>\n<p class=\"paragraph article__item\">Die Bundesregierung wird nach den Worten von<br \/>\nBundeskanzler Friedrich Merz (CDU) in K\u00fcrze \u00fcber das weitere Vorgehen im<br \/>\n <a class=\"rtr-entity\" href=\"https:\/\/www.zeit.de\/thema\/gazastreifen\" target=\"_blank\" rel=\"noopener\">Gazakonflikt<\/a> entscheiden. Er erwarte einen Bericht von\u00a0Wadephul\u00a0nach dessen Besuch, sagte Merz in<br \/>\nSaarbr\u00fccken auf die Frage, ob die Bundesregierung sich eine Beteiligung<br \/>\nan Sanktionen gegen Israel vorstellen k\u00f6nne.\u00a0\n<\/p>\n<p class=\"paragraph article__item\">&#8222;Wir werden diesen Bericht abwarten und alle<br \/>\nweiteren Entscheidungen treffen&#8220;, sagte der Kanzler. Die Regierung habe<br \/>\nbereits am vergangenen Montag im Sicherheitskabinett &#8222;auch dar\u00fcber<br \/>\ngesprochen, wie wir gegebenenfalls mit den europ\u00e4ischen Partnern<br \/>\nzusammen weiter vorgehen&#8220;.\n<\/p>\n<p>                An dieser Stelle ist ein externer Inhalt eingebunden<\/p>\n<p>Zum Anschauen ben\u00f6tigen wir Ihre Zustimmung<\/p>\n<p>\n                Weiter\n            <\/p>\n<p>Mehr Hintergr\u00fcnde<\/p>\n<p>                <a href=\"https:\/\/www.zeit.de\/politik\/ausland\/2025-08\/johann-wadephul-israel-palaestina-gaza-hamas-geiseln\" data-ct-label=\"Johann Wadephul: Das Wort Staatsr\u00e4son f\u00e4llt nicht mehr\" target=\"_blank\" rel=\"noopener\"><\/p>\n<p>        Z+ (abopflichtiger Inhalt);<\/p>\n<p>    Johann Wadephul:<br \/>\n                        Das Wort Staatsr\u00e4son f\u00e4llt nicht mehr<\/p>\n<p>                <\/a><\/p>\n<p>                <a href=\"https:\/\/www.zeit.de\/politik\/ausland\/2025-06\/westjordanland-israel-siedlergewalt-checkpoints-gaza\" data-ct-label=\"Westjordanland: Gewalt im Schatten der Gewalt\" target=\"_blank\" rel=\"noopener\"><\/p>\n<p>                        Westjordanland:<br \/>\n                        Gewalt im Schatten der Gewalt<\/p>\n<p>                <\/a><\/p>\n<p>                <a href=\"https:\/\/www.zeit.de\/politik\/ausland\/2025-06\/nahost-debatte-israel-gaza-iran-5vor8\" data-ct-label=\"Nahost: Abstraktes Sterben\" target=\"_blank\" rel=\"noopener\"><\/p>\n<p>        Z+ (abopflichtiger Inhalt);<\/p>\n<p>    Nahost:<br \/>\n                        Abstraktes Sterben<\/p>\n<p>                <\/a><\/p>\n","protected":false},"excerpt":{"rendered":"Au\u00dfenminister Johann Wadephul hat Israel mit deutlichen Worten vor einer Annexion des Westjordanlandes oder von Gaza gewarnt. Damit&hellip;\n","protected":false},"author":2,"featured_media":311591,"comment_status":"","ping_status":"","sticky":false,"template":"","format":"standard","meta":{"footnotes":""},"categories":[5],"tags":[331,332,1173,3364,29,738,30,13,411,1211,14,6000,581,15,23790,16,12,12184],"class_list":{"0":"post-311590","1":"post","2":"type-post","3":"status-publish","4":"format-standard","5":"has-post-thumbnail","7":"category-nachrichten","8":"tag-aktuelle-nachrichten","9":"tag-aktuelle-news","10":"tag-bundesregierung","11":"tag-de","12":"tag-deutschland","13":"tag-gazastreifen","14":"tag-germany","15":"tag-headlines","16":"tag-israel","17":"tag-johann-wadephul","18":"tag-nachrichten","19":"tag-nahost","20":"tag-nahostkonflikt","21":"tag-news","22":"tag-palaestinensergebiet","23":"tag-politik","24":"tag-schlagzeilen","25":"tag-westjordanland"},"share_on_mastodon":{"url":"https:\/\/pubeurope.com\/@de\/114955317626720243","error":""},"_links":{"self":[{"href":"https:\/\/www.europesays.com\/de\/wp-json\/wp\/v2\/posts\/311590","targetHints":{"allow":["GET"]}}],"collection":[{"href":"https:\/\/www.europesays.com\/de\/wp-json\/wp\/v2\/posts"}],"about":[{"href":"https:\/\/www.europesays.com\/de\/wp-json\/wp\/v2\/types\/post"}],"author":[{"embeddable":true,"href":"https:\/\/www.europesays.com\/de\/wp-json\/wp\/v2\/users\/2"}],"replies":[{"embeddable":true,"href":"https:\/\/www.europesays.com\/de\/wp-json\/wp\/v2\/comments?post=311590"}],"version-history":[{"count":0,"href":"https:\/\/www.europesays.com\/de\/wp-json\/wp\/v2\/posts\/311590\/revisions"}],"wp:featuredmedia":[{"embeddable":true,"href":"https:\/\/www.europesays.com\/de\/wp-json\/wp\/v2\/media\/311591"}],"wp:attachment":[{"href":"https:\/\/www.europesays.com\/de\/wp-json\/wp\/v2\/media?parent=311590"}],"wp:term":[{"taxonomy":"category","embeddable":true,"href":"https:\/\/www.europesays.com\/de\/wp-json\/wp\/v2\/categories?post=311590"},{"taxonomy":"post_tag","embeddable":true,"href":"https:\/\/www.europesays.com\/de\/wp-json\/wp\/v2\/tags?post=311590"}],"curies":[{"name":"wp","href":"https:\/\/api.w.org\/{rel}","templated":true}]}}