{"id":311741,"date":"2025-08-01T21:31:38","date_gmt":"2025-08-01T21:31:38","guid":{"rendered":"https:\/\/www.europesays.com\/de\/311741\/"},"modified":"2025-08-01T21:31:38","modified_gmt":"2025-08-01T21:31:38","slug":"attacke-auf-deutsche-bahn-wie-bonn-jetzt-betroffen-ist","status":"publish","type":"post","link":"https:\/\/www.europesays.com\/de\/311741\/","title":{"rendered":"Attacke auf Deutsche Bahn &#8211; Wie Bonn jetzt betroffen ist"},"content":{"rendered":"<p>          Kabelbrand an Gleisen in D\u00fcsseldorf        So wirkte sich die Bahn-Sabotage auf Bonn aus<\/p>\n<p class=\"text-50 desktop:text-70 park-container-small px-6 mb-10 desktop:mb-14\">Bonn \u00b7 <strong data-cy=\"intro\">Nach einem mutma\u00dflichen Sabotageakt gegen die Deutsche Bahn auf der Strecke in der N\u00e4he des Flughafen D\u00fcsseldorf fielen zahlreiche Linien aus oder mussten umgeleitet werden. Das hatte auch Auswirkungen auf Reisende aus Bonn.<\/strong><\/p>\n<p>                <img class=\"absolute inset-0 w-full h-full object-cover aspect-[16\/10] opacity-0 transition-opacity animated\" onload=\"this.style.opacity = '1';\" src=\"https:\/\/www.europesays.com\/de\/wp-content\/uploads\/2025\/08\/w2048_h1313_x1024_y692_DPA_dpa_ho6v4qys7w-v9-ax-s2048-c6b0a00a61b22f0b.jpeg\"  alt=\" Die Sperrungen auf der zentralen NRW-Zugstrecke dauerten den ganzen Tag. Viele Verbindungen fielen aus. \" fetchpriority=\"high\" decoding=\"async\" data-park-image-img=\"\"\/><\/p>\n","protected":false},"excerpt":{"rendered":"Kabelbrand an Gleisen in D\u00fcsseldorf So wirkte sich die Bahn-Sabotage auf Bonn aus Bonn \u00b7 Nach einem mutma\u00dflichen&hellip;\n","protected":false},"author":2,"featured_media":311742,"comment_status":"","ping_status":"","sticky":false,"template":"","format":"standard","meta":{"footnotes":""},"categories":[1842],"tags":[1741,3364,29,30,1209],"class_list":{"0":"post-311741","1":"post","2":"type-post","3":"status-publish","4":"format-standard","5":"has-post-thumbnail","7":"category-bonn","8":"tag-bonn","9":"tag-de","10":"tag-deutschland","11":"tag-germany","12":"tag-nordrhein-westfalen"},"share_on_mastodon":{"url":"https:\/\/pubeurope.com\/@de\/114955648159789019","error":""},"_links":{"self":[{"href":"https:\/\/www.europesays.com\/de\/wp-json\/wp\/v2\/posts\/311741","targetHints":{"allow":["GET"]}}],"collection":[{"href":"https:\/\/www.europesays.com\/de\/wp-json\/wp\/v2\/posts"}],"about":[{"href":"https:\/\/www.europesays.com\/de\/wp-json\/wp\/v2\/types\/post"}],"author":[{"embeddable":true,"href":"https:\/\/www.europesays.com\/de\/wp-json\/wp\/v2\/users\/2"}],"replies":[{"embeddable":true,"href":"https:\/\/www.europesays.com\/de\/wp-json\/wp\/v2\/comments?post=311741"}],"version-history":[{"count":0,"href":"https:\/\/www.europesays.com\/de\/wp-json\/wp\/v2\/posts\/311741\/revisions"}],"wp:featuredmedia":[{"embeddable":true,"href":"https:\/\/www.europesays.com\/de\/wp-json\/wp\/v2\/media\/311742"}],"wp:attachment":[{"href":"https:\/\/www.europesays.com\/de\/wp-json\/wp\/v2\/media?parent=311741"}],"wp:term":[{"taxonomy":"category","embeddable":true,"href":"https:\/\/www.europesays.com\/de\/wp-json\/wp\/v2\/categories?post=311741"},{"taxonomy":"post_tag","embeddable":true,"href":"https:\/\/www.europesays.com\/de\/wp-json\/wp\/v2\/tags?post=311741"}],"curies":[{"name":"wp","href":"https:\/\/api.w.org\/{rel}","templated":true}]}}