{"id":311814,"date":"2025-08-01T22:12:15","date_gmt":"2025-08-01T22:12:15","guid":{"rendered":"https:\/\/www.europesays.com\/de\/311814\/"},"modified":"2025-08-01T22:12:15","modified_gmt":"2025-08-01T22:12:15","slug":"zwei-nerds-im-club-der-dinosaurier","status":"publish","type":"post","link":"https:\/\/www.europesays.com\/de\/311814\/","title":{"rendered":"Zwei Nerds im \u201eClub der Dinosaurier\u201c"},"content":{"rendered":"<p class=\"tspARhi\">Gar nicht so einfach, etwas \u00fcber diese Serie zu schreiben, ohne den Elefant beziehungsweise die Echse im Raum zu verraten. Na gut, erst mal die Grundlagen: Im Mittelpunkt stehen zwei Au\u00dfenseiter, Ben (Shadi Eck) und Janni (Diyar Ilhan). Der eine superschlau und mit Stotterproblem, der andere mit XL-Selbstbewusstsein und dem Willen, mehr Swag (bei ihm kommt das in Gro\u00dfbuchstaben) ins jugendliche Leben zu bringen, auf jeden Fall beste Freunde und zwei von den Guten. <\/p>\n<p>Wochenende-Newsletter: F\u00fcr Ihre Auszeit vom Alltag<\/p>\n<p><img decoding=\"async\" src=\"https:\/\/www.europesays.com\/de\/wp-content\/uploads\/2025\/04\/hangematte-1.png\" alt=\"\" class=\"tspCEhh\"\/><\/p>\n<p class=\"tspCEni\"> Entspannen Sie sich \u2013 und lassen Sie sich inspirieren: von exklusiven Reportagen, tiefgr\u00fcndigen Analysen und besonderen Kulinarik- und Reisetipps. <\/p>\n<p class=\"tspARhi\">Die Anfangsszene, als sie \u2013 der eine ein Lauch, der andere mit vielen Speckr\u00f6llchen \u2013 im Fitnessstudio zwischen zwei gest\u00e4hlten Adonissen eingeklemmt unter der Dusche stehen, ist so komisch wie r\u00fchrend. Und erkl\u00e4rt ihre Mission: endlich in den Beast-Modus kommen! Denn in der Nahrungskette eines normalen Kleinstadt-Gymnasiums stehen sie halt ganz weit unten. Und das wird auch f\u00fcr den vern\u00fcnftigeren Ben zum Problem, als eine Neue in die Klasse kommt: die wundersch\u00f6ne Suki (Tomomi Themann). <\/p>\n<p class=\"tspXfg\">Empfohlener redaktioneller Inhalt<\/p>\n<p> An dieser Stelle finden Sie einen von unseren Redakteuren ausgew\u00e4hlten, externen Inhalt, der den Artikel f\u00fcr Sie mit zus\u00e4tzlichen Informationen anreichert. Sie k\u00f6nnen sich hier den externen Inhalt mit einem Klick anzeigen lassen oder wieder ausblenden. <\/p>\n<p> Externen Inhalt anzeigen <\/p>\n<p class=\"tspXfm\"> Ich bin damit einverstanden, dass mir der externe Inhalt angezeigt wird. Damit k\u00f6nnen personenbezogene Daten an Drittplattformen \u00fcbermittelt werden.  Mehr Informationen dazu erhalten Sie in den Datenschutz-Einstellungen. Diese finden Sie ganz unten auf unserer Seite im Footer, sodass Sie Ihre Einstellungen jederzeit verwalten oder widerrufen k\u00f6nnen. <\/p>\n<p class=\"tspARhi\">Die beiden Freunde kaufen bei einem dealenden Klassenkameraden ein illegales (was ihnen egal ist), nicht final getestetes Testosteron-Pr\u00e4parat (O-Ton Janni: \u201eF\u00fcr alle Jungs dieser Welt, die bislang von der Evolution verarscht wurden\u201c),\u00a0was sich als folgenreich entpuppt und ihnen deswegen nicht egal ist. Das Unheil nimmt seinen Lauf. Ohne mehr zu spoilern, als der Titel ohnehin verr\u00e4t, kann man sagen, dass sich bald ziemlich viel im Leben der beiden ver\u00e4ndert, T-Rex-viel. Sowohl k\u00f6rperlich, wie im Sozialgef\u00fcge der Schule. Durchaus zu ihren Gunsten (anfangs!), weswegen sie immer mehr Pillen einwerfen.   <\/p>\n<p class=\"tspARhi\">Ein ziemlich krasser und ungewohnter Genremix \u2013 Coming-of-Age, Highschool-Dramedy, Bodyhorror,\u00a0Buddy-Kom\u00f6die, Fantasy, Thriller \u2013 der super funktioniert. Und vor allem eine unterhaltsame und trotzdem vielschichtig und feinf\u00fchlig erz\u00e4hlte Geschichte \u00fcber toxische M\u00e4nnlichkeit. <\/p>\n<p> Club der Dinosaurier <\/p>\n<p class=\"tspARhi\">ZDF-Mediathek, sechs Folgen verf\u00fcgbar bis 6. Juni 2026, mit Diyar Ilhan, Shadi Eck, Tomomi Themann, Hannah Schiller, Sonja Gerhardt, Max Mauff, Henning Baum; Regie: Lutz Heineking jr.<\/p>\n<p class=\"tspARhi\">Die beiden Hauptpersonen in einem gro\u00dfartigen Ensemble werden nie blo\u00dfgestellt, man kapiert schnell, dass Gro\u00df-Werden in der Macho-Kultur\u00a0auch f\u00fcr Jungs hart und verwirrend  sein kann.  Die Gesellschaft mag sich respektvolle, sanfte M\u00e4nner w\u00fcnschen, aber erst mal muss man lebend die Schlangengrube Schule \u00fcberstehen. <\/p>\n<p> Mehr Fernsehen <a href=\"https:\/\/www.tagesspiegel.de\/kultur\/streaming-tipps-fur-heisse-tage-diese-zehn-serien-sollten-sie-im-sommer-nicht-verpassen-13814845.html?icid=topic-list_14106977___\" data-gtm-class=\"article-mzt-link\" class=\"tspB7mi\" rel=\"nofollow noopener\" target=\"_blank\">Streaming-Tipps f\u00fcr hei\u00dfe Tage Diese zehn Serien sollten Sie im Sommer nicht verpassen <\/a><a href=\"https:\/\/www.tagesspiegel.de\/kultur\/rauchen-ist-wieder-cool-wie-konnte-das-passieren-14045858.html?icid=topic-list_14106977___\" data-gtm-class=\"article-mzt-link\" class=\"tspB7mi\" rel=\"nofollow noopener\" target=\"_blank\">Rauchen ist wieder cool Wie konnte das passieren? <\/a><a href=\"https:\/\/www.tagesspiegel.de\/kultur\/david-schalkos-ard-miniserie-warum-ich-vogel-sind-drohnen-13829791.html?icid=topic-list_14106977___\" data-gtm-class=\"article-mzt-link\" class=\"tspB7mi\" rel=\"nofollow noopener\" target=\"_blank\">V\u00f6gel sind Drohnen David Schalkos ARD-Miniserie \u201eWarum ich?\u201c <\/a><\/p>\n<p class=\"tspARhi\">Zum Gl\u00fcck stellt sich heraus, dass die gleichaltrigen M\u00e4dchen schon viel weiter sind. Was noch hilft: Die Erkenntnis, dass man einige wirklich dramatische Probleme im Leben mit geduldigem H\u00e4ndchen-Halten l\u00f6sen kann. Tolles Fernsehen!<\/p>\n","protected":false},"excerpt":{"rendered":"Gar nicht so einfach, etwas \u00fcber diese Serie zu schreiben, ohne den Elefant beziehungsweise die Echse im Raum&hellip;\n","protected":false},"author":2,"featured_media":311815,"comment_status":"","ping_status":"","sticky":false,"template":"","format":"standard","meta":{"footnotes":""},"categories":[1772],"tags":[29,214,35609,30,1635,1779,810,215],"class_list":{"0":"post-311814","1":"post","2":"type-post","3":"status-publish","4":"format-standard","5":"has-post-thumbnail","7":"category-musik","8":"tag-deutschland","9":"tag-entertainment","10":"tag-fernsehsendung","11":"tag-germany","12":"tag-jugend","13":"tag-music","14":"tag-musik","15":"tag-unterhaltung"},"share_on_mastodon":{"url":"https:\/\/pubeurope.com\/@de\/114955809324148489","error":""},"_links":{"self":[{"href":"https:\/\/www.europesays.com\/de\/wp-json\/wp\/v2\/posts\/311814","targetHints":{"allow":["GET"]}}],"collection":[{"href":"https:\/\/www.europesays.com\/de\/wp-json\/wp\/v2\/posts"}],"about":[{"href":"https:\/\/www.europesays.com\/de\/wp-json\/wp\/v2\/types\/post"}],"author":[{"embeddable":true,"href":"https:\/\/www.europesays.com\/de\/wp-json\/wp\/v2\/users\/2"}],"replies":[{"embeddable":true,"href":"https:\/\/www.europesays.com\/de\/wp-json\/wp\/v2\/comments?post=311814"}],"version-history":[{"count":0,"href":"https:\/\/www.europesays.com\/de\/wp-json\/wp\/v2\/posts\/311814\/revisions"}],"wp:featuredmedia":[{"embeddable":true,"href":"https:\/\/www.europesays.com\/de\/wp-json\/wp\/v2\/media\/311815"}],"wp:attachment":[{"href":"https:\/\/www.europesays.com\/de\/wp-json\/wp\/v2\/media?parent=311814"}],"wp:term":[{"taxonomy":"category","embeddable":true,"href":"https:\/\/www.europesays.com\/de\/wp-json\/wp\/v2\/categories?post=311814"},{"taxonomy":"post_tag","embeddable":true,"href":"https:\/\/www.europesays.com\/de\/wp-json\/wp\/v2\/tags?post=311814"}],"curies":[{"name":"wp","href":"https:\/\/api.w.org\/{rel}","templated":true}]}}