{"id":311884,"date":"2025-08-01T22:57:15","date_gmt":"2025-08-01T22:57:15","guid":{"rendered":"https:\/\/www.europesays.com\/de\/311884\/"},"modified":"2025-08-01T22:57:15","modified_gmt":"2025-08-01T22:57:15","slug":"gruene-beantragen-alternativen-standort-fuer-feuerwerk-der-grund","status":"publish","type":"post","link":"https:\/\/www.europesays.com\/de\/311884\/","title":{"rendered":"Gr\u00fcne beantragen alternativen Standort f\u00fcr Feuerwerk \u2013 der Grund"},"content":{"rendered":"<p class=\"text_ohne_einzug richtext text-em-55 !leading-serif mx-6 desktop:mx-0\"> Die Ratsfraktion von B\u00fcndnis 90\/Die Gr\u00fcnen in <a href=\"https:\/\/rp-online.de\/thema\/moers\/\" target=\"_blank\" rel=\"noopener\">Moers<\/a> hat einen Antrag gestellt, in dem die Stadtverwaltung beauftragt werden soll, alternative Standorte f\u00fcr das traditionelle <a href=\"https:\/\/rp-online.de\/thema\/feuerwerk\/\" target=\"_blank\" rel=\"noopener\">Feuerwerk<\/a> der Moerser <a href=\"https:\/\/rp-online.de\/thema\/kirmes\/\" target=\"_blank\" rel=\"noopener\">Kirmes<\/a> 2025 zu pr\u00fcfen.<\/p>\n<p class=\"richtext text-em-55 !leading-serif mx-6 desktop:mx-0\">Hintergrund ist der Schutz des stadteigenen Taubenhauses am Bollwerk 107, in dem rund 350 Stadttauben leben \u2013 betreut von einem engagierten Team ehrenamtlicher Helferinnen und Helfer des Vereins Moerser Stadttaubenprojekt.<\/p>\n<p class=\"richtext text-em-55 !leading-serif mx-6 desktop:mx-0\">\u201eDas Projekt leistet einen wichtigen Beitrag zum st\u00e4dtischen <a href=\"https:\/\/rp-online.de\/thema\/tierschutz\/\" target=\"_blank\" rel=\"noopener\">Tierschutz<\/a> und hilft, die Stadttaubenpopulation tierschutzgerecht zu regulieren\u201c, wird Gudrun Tersteegen, Sprecherin der Gr\u00fcnen Ratsfraktion, in einer entsprechenden Mitteilung zitiert. \u201eSo wird unter anderem das Nisten an problematischen Orten wie Balkonen, Dachb\u00f6den oder Kirchenfenstern deutlich reduziert. Dieses fragile Gleichgewicht darf nicht durch Feuerwerksl\u00e4rm und grelle Lichtblitze gest\u00f6rt werden\u201c.<\/p>\n<p class=\"richtext text-em-55 !leading-serif mx-6 desktop:mx-0\">Es sei weder tierfreundlich noch nachhaltig, ein solches Projekt zu gef\u00e4hrden, nur weil es bislang so gemacht wurde\u201c, sagt auch Philipp K\u00fcpperbusch, Sachkundiger B\u00fcrger im Fachausschuss. \u201eEine Stadt wie Moers kann und sollte Verantwortung \u00fcbernehmen. Je fr\u00fcher, je lieber.\u201c<\/p>\n<p class=\"richtext text-em-55 !leading-serif mx-6 desktop:mx-0\">Zur Erkl\u00e4rung: Das Moerser Stadttaubenprojekt finanziert sich haupts\u00e4chlich \u00fcber Sponsoren und Eigenleistungen, hat aber einen \u2013 wenn man so m\u00f6chte \u2013 \u00f6ffentlichen Auftrag. Tauben, die sich, wie in vielen anderen St\u00e4dten, unkontrolliert vermehren, f\u00fcr viel Dreck sorgen und hinter jedem Imbissstand nach Nahrung picken, sieht man in Moers kaum.<\/p>\n<p class=\"richtext text-em-55 !leading-serif mx-6 desktop:mx-0\">Im Taubenhaus am Bahnhof werden die V\u00f6gel betreut, mit Futter versorgt und gelegte Eier eingesammelt, damit sie nicht ausgebr\u00fctet werden. Das Geb\u00e4ude geh\u00f6rt der Wohnungsbau Stadt Moers. Die Stadttochter stellt es unentgeltlich zur Verf\u00fcgung und \u00fcbernimmt die Betriebskosten.<\/p>\n<p class=\"richtext text-em-55 !leading-serif mx-6 desktop:mx-0\">Bereits mehrfach wurde das Stadttaubenhaus in der Vergangenheit Opfer von Vandalismus. Anfang Juni zerst\u00f6rten Unbekannte sechs Volieren auf dem Dach. Die T\u00e4ter verschafften sich Zutritt, traten die Vogel-Gehege nieder und rissen die Gitter heraus. Dabei verlie\u00dfen rund 60 Tiere in Panik das Haus. Viele davon kehrten nicht zur\u00fcck. Ein Feuerwerk in unmittelbarer N\u00e4he habe \u00e4hnliche oder sogar schwerwiegendere Folgen, warnen die Gr\u00fcnen.<\/p>\n<p class=\"richtext text-em-55 !leading-serif mx-6 desktop:mx-0\">Ziel des Antrags sei es, dass die Verwaltung zeitnah geeignete Ausweichstandorte f\u00fcr das Feuerwerk identifiziert und dem Rat entsprechende Vorschl\u00e4ge zur Entscheidung vorlegt. Dabei, hei\u00dft es, solle besonders auf den Schutz des Taubenhauses geachtet werden. Und: \u201eAm besten sofort und nicht erst 2026\u201c, sagen die Gr\u00fcnen.<\/p>\n<p class=\"richtext text-em-55 !leading-serif mx-6 desktop:mx-0\">Nach dem Feuerwerksungl\u00fcck auf der D\u00fcsseldorfer Rheinkirmes mit 19 Verletzten Ende Juli war die Diskussion um den m\u00f6glichen Ersatz der Pyrotechnik durch eine Drohnenshow auch in der Grafenstadt wieder hochgekocht.<\/p>\n<p class=\"richtext text-em-55 !leading-serif mx-6 desktop:mx-0\">Eine Abstimmung unter Moerser Kirmesbesuchern hatte im vergangenen Jahr ergeben, dass sich die Mehrheit weiterhin ein H\u00f6henfeuerwerk als Abschluss des Volksfests w\u00fcnscht. Moers Marketing z\u00e4hlte 2616 Stimmabgaben online sowie per Postkarte, davon 86 Prozent f\u00fcr ein Feuerwerk und 14 Prozent f\u00fcr eine Drohnenshow.<\/p>\n<p class=\"richtext text-em-55 !leading-serif mx-6 desktop:mx-0\">Die Gr\u00fcnen kritisieren in diesem Zusammenhang auch, dass die erste und aus ihrer Sicht verungl\u00fcckte Drohnenshow zur <a href=\"https:\/\/rp-online.de\/thema\/moerser-kirmes\/\" target=\"_blank\" rel=\"noopener\">Moerser Kirmes<\/a> seinerzeit mit der Abstimmung \u00fcber den Verzicht auf ein Feuerwerk verkn\u00fcpft wurde.<\/p>\n<p class=\"richtext text-em-55 !leading-serif mx-6 desktop:mx-0\">\u201eDas, was im vergangenen Jahr gezeigt wurde, war keine Alternative\u201c, sagte Fraktionschef Christopher Schmidtke im Gespr\u00e4ch mit der Redaktion. Auch deshalb w\u00fcrden es die Gr\u00fcnen begr\u00fc\u00dfen, wenn sich Moers Marketing f\u00fcr einen erneuten Versuch mit einer \u2013 diesmal professionelleren \u2013 Drohnenshow anstelle des Feuerwerks entscheide. Danach, so Schmidtke, k\u00f6nne man wenigstens sagen: ,Wir haben es einmal ernsthaft versucht\u2018.<\/p>\n<p class=\"richtext text-em-55 !leading-serif mx-6 desktop:mx-0\">Komplett vom Tisch ist das Thema indes auch bei Moers Marketing noch nicht. \u201eWir als Stadtmarketing m\u00f6chten den Moersern und Moerserinnen ein sch\u00f6nes Volksfest erm\u00f6glichen und haben ihren Wunsch, auch zuk\u00fcnftig das H\u00f6henfeuerwerk durchzuf\u00fchren, in unserem Entscheidungsprozess dementsprechend stark ber\u00fccksichtigt\u201c, hei\u00dft es in der schriftlichen Antwort auf eine Anfrage der Redaktion. Und weiter: \u201eSelbstverst\u00e4ndlich behalten wir uns vor, das Thema wieder aufzugreifen und neu zu bewerten.\u201c<\/p>\n","protected":false},"excerpt":{"rendered":"Die Ratsfraktion von B\u00fcndnis 90\/Die Gr\u00fcnen in Moers hat einen Antrag gestellt, in dem die Stadtverwaltung beauftragt werden&hellip;\n","protected":false},"author":2,"featured_media":311885,"comment_status":"","ping_status":"","sticky":false,"template":"","format":"standard","meta":{"footnotes":""},"categories":[1838],"tags":[3807,3364,29,3715,4851,89615,30,6612,5213,25500,1209,89613,22954,65058,89614,89616,89617,89612,3367,89618],"class_list":{"0":"post-311884","1":"post","2":"type-post","3":"status-publish","4":"format-standard","5":"has-post-thumbnail","7":"category-duisburg","8":"tag-moers","9":"tag-de","10":"tag-deutschland","11":"tag-duisburg","12":"tag-feuerwerk","13":"tag-feuerwerkslaerm","14":"tag-germany","15":"tag-gruenen","16":"tag-haus","17":"tag-moerser","18":"tag-nordrhein-westfalen","19":"tag-ratsfraktion","20":"tag-schutz","21":"tag-stadttauben","22":"tag-stadttaubenhaus","23":"tag-stadttaubenpopulation","24":"tag-stadttaubenprojekt","25":"tag-taubenhauses","26":"tag-tierschutz","27":"tag-tierschutzgerecht"},"share_on_mastodon":{"url":"https:\/\/pubeurope.com\/@de\/114955986098815428","error":""},"_links":{"self":[{"href":"https:\/\/www.europesays.com\/de\/wp-json\/wp\/v2\/posts\/311884","targetHints":{"allow":["GET"]}}],"collection":[{"href":"https:\/\/www.europesays.com\/de\/wp-json\/wp\/v2\/posts"}],"about":[{"href":"https:\/\/www.europesays.com\/de\/wp-json\/wp\/v2\/types\/post"}],"author":[{"embeddable":true,"href":"https:\/\/www.europesays.com\/de\/wp-json\/wp\/v2\/users\/2"}],"replies":[{"embeddable":true,"href":"https:\/\/www.europesays.com\/de\/wp-json\/wp\/v2\/comments?post=311884"}],"version-history":[{"count":0,"href":"https:\/\/www.europesays.com\/de\/wp-json\/wp\/v2\/posts\/311884\/revisions"}],"wp:featuredmedia":[{"embeddable":true,"href":"https:\/\/www.europesays.com\/de\/wp-json\/wp\/v2\/media\/311885"}],"wp:attachment":[{"href":"https:\/\/www.europesays.com\/de\/wp-json\/wp\/v2\/media?parent=311884"}],"wp:term":[{"taxonomy":"category","embeddable":true,"href":"https:\/\/www.europesays.com\/de\/wp-json\/wp\/v2\/categories?post=311884"},{"taxonomy":"post_tag","embeddable":true,"href":"https:\/\/www.europesays.com\/de\/wp-json\/wp\/v2\/tags?post=311884"}],"curies":[{"name":"wp","href":"https:\/\/api.w.org\/{rel}","templated":true}]}}