{"id":311915,"date":"2025-08-01T23:15:15","date_gmt":"2025-08-01T23:15:15","guid":{"rendered":"https:\/\/www.europesays.com\/de\/311915\/"},"modified":"2025-08-01T23:15:15","modified_gmt":"2025-08-01T23:15:15","slug":"unfall-auf-b10-bei-zuffenhausen-lkw-und-auto-kollidieren-nach-spurwechsel-unfallverursacher-fluechtet","status":"publish","type":"post","link":"https:\/\/www.europesays.com\/de\/311915\/","title":{"rendered":"Unfall auf B10 bei Zuffenhausen: Lkw und Auto kollidieren nach Spurwechsel \u2013 Unfallverursacher fl\u00fcchtet"},"content":{"rendered":"<p>Weil ein bislang unbekannter <a href=\"https:\/\/www.stuttgarter-zeitung.de\/thema\/Lkw\" title=\"Lkw\" class=\"art_thema\" target=\"_blank\" rel=\"noopener\">Lkw<\/a>-Fahrer am Montag beim Wechseln des Fahrstreifens auf der <a href=\"https:\/\/www.stuttgarter-zeitung.de\/thema\/B10\" title=\"B10\" class=\"art_thema\" target=\"_blank\" rel=\"noopener\">B10<\/a> in <a href=\"https:\/\/www.stuttgarter-zeitung.de\/thema\/Stuttgart-Zuffenhausen\" title=\"Stuttgart-Zuffenhausen\" class=\"art_thema\" target=\"_blank\" rel=\"noopener\">Stuttgart-Zuffenhausen<\/a> unachtsam war, ist es zu einem <a href=\"https:\/\/www.stuttgarter-zeitung.de\/thema\/Unfall\" title=\"Unfall\" class=\"art_thema\" target=\"_blank\" rel=\"noopener\">Unfall<\/a> gekommen.<\/p>\n<p>Wie die <a href=\"https:\/\/www.stuttgarter-zeitung.de\/thema\/Polizei\" title=\"Polizei\" class=\"art_thema\" target=\"_blank\" rel=\"noopener\">Polizei<\/a> mitteilt, fuhr der Unbekannte gegen 8.10 Uhr auf der Bundesstra\u00dfe 10 in Richtung Korntal-M\u00fcnchingen. An der Anschlussstelle Stammheim fuhr er zun\u00e4chst auf den Ausf\u00e4delstreifen, wechselte dann aber wieder \u00fcber die Sperrfl\u00e4che nach links auf die Bundesstra\u00dfe. <\/p>\n<p>Ein 51 Jahre alter Fahrer eines anderen Lkw, der auf dem rechten Fahrsteifen unterwegs war, musste nach Angaben der Polizei daraufhin nach links ausweichen, um einen Zusammensto\u00df zu verhindern. Dabei stie\u00df der Lkw des 51-J\u00e4hrigen gegen den Ford Focus eines 27 Jahre alten Mannes, der sich auf dem linken Fahrstreifen befand. Der Focus prallte gegen eine dortige Leitplanke. <\/p>\n<p>Lkw-Fahrer fl\u00fcchtet  <\/p>\n<p>Wie die Polizei mitteilt, fuhr der unbekannte Lkw-Fahrer weiter, ohne sich um den Schaden zu k\u00fcmmern. Auf dem Anh\u00e4nger des mutma\u00dflichen Unfallverursachers befand sich ein Container. Der Schaden betr\u00e4gt nach ersten Sch\u00e4tzungen rund 6000 Euro. Zeugen werden gebeten, sich unter der Rufnummer 0711\/8990 38 00 beim Polizeirevier 8, K\u00e4rntner Stra\u00dfe, zu melden.<\/p>\n","protected":false},"excerpt":{"rendered":"Weil ein bislang unbekannter Lkw-Fahrer am Montag beim Wechseln des Fahrstreifens auf der B10 in Stuttgart-Zuffenhausen unachtsam war,&hellip;\n","protected":false},"author":2,"featured_media":311916,"comment_status":"","ping_status":"","sticky":false,"template":"","format":"standard","meta":{"footnotes":""},"categories":[1830],"tags":[46527,1634,3364,29,30,1962,121,8248,1441,9962,1284,18270,17977],"class_list":{"0":"post-311915","1":"post","2":"type-post","3":"status-publish","4":"format-standard","5":"has-post-thumbnail","7":"category-stuttgart","8":"tag-b10","9":"tag-baden-wuerttemberg","10":"tag-de","11":"tag-deutschland","12":"tag-germany","13":"tag-lkw","14":"tag-polizei","15":"tag-polizeibericht-stuttgart","16":"tag-stuttgart","17":"tag-stuttgart-zuffenhausen","18":"tag-unfall","19":"tag-unfallflucht","20":"tag-zuffenhausen"},"share_on_mastodon":{"url":"https:\/\/pubeurope.com\/@de\/114956056904503102","error":""},"_links":{"self":[{"href":"https:\/\/www.europesays.com\/de\/wp-json\/wp\/v2\/posts\/311915","targetHints":{"allow":["GET"]}}],"collection":[{"href":"https:\/\/www.europesays.com\/de\/wp-json\/wp\/v2\/posts"}],"about":[{"href":"https:\/\/www.europesays.com\/de\/wp-json\/wp\/v2\/types\/post"}],"author":[{"embeddable":true,"href":"https:\/\/www.europesays.com\/de\/wp-json\/wp\/v2\/users\/2"}],"replies":[{"embeddable":true,"href":"https:\/\/www.europesays.com\/de\/wp-json\/wp\/v2\/comments?post=311915"}],"version-history":[{"count":0,"href":"https:\/\/www.europesays.com\/de\/wp-json\/wp\/v2\/posts\/311915\/revisions"}],"wp:featuredmedia":[{"embeddable":true,"href":"https:\/\/www.europesays.com\/de\/wp-json\/wp\/v2\/media\/311916"}],"wp:attachment":[{"href":"https:\/\/www.europesays.com\/de\/wp-json\/wp\/v2\/media?parent=311915"}],"wp:term":[{"taxonomy":"category","embeddable":true,"href":"https:\/\/www.europesays.com\/de\/wp-json\/wp\/v2\/categories?post=311915"},{"taxonomy":"post_tag","embeddable":true,"href":"https:\/\/www.europesays.com\/de\/wp-json\/wp\/v2\/tags?post=311915"}],"curies":[{"name":"wp","href":"https:\/\/api.w.org\/{rel}","templated":true}]}}