{"id":311962,"date":"2025-08-01T23:41:24","date_gmt":"2025-08-01T23:41:24","guid":{"rendered":"https:\/\/www.europesays.com\/de\/311962\/"},"modified":"2025-08-01T23:41:24","modified_gmt":"2025-08-01T23:41:24","slug":"keine-angaben-zum-kaufpreis-katjes-kauft-mehrheit-an-modemarke-bogner","status":"publish","type":"post","link":"https:\/\/www.europesays.com\/de\/311962\/","title":{"rendered":"Keine Angaben zum Kaufpreis: Katjes kauft Mehrheit an Modemarke Bogner"},"content":{"rendered":"<p>                    Keine Angaben zum Kaufpreis<br \/>\n                Katjes kauft Mehrheit an Modemarke Bogner<\/p>\n<p>\t\t\t\t              01.08.2025, 20:16 Uhr<\/p>\n<p>\t\t\t\t\t       Artikel anh\u00f6ren<\/p>\n<p>\t\t\t\t\t\t\tDiese Audioversion wurde k\u00fcnstlich generiert. <a href=\"https:\/\/www.n-tv.de\/23249898\" target=\"_blank\" rel=\"noopener\">Mehr Infos<\/a><\/p>\n<p><strong>Das Familienunternehmen Katjes hat l\u00e4ngst nicht mehr nur S\u00fc\u00dfwaren im Angebot. Das Sortiment umfasst inzwischen etwa auch K\u00f6rperpflege. Jetzt kommt ein weiteres Segment hinzu.<\/strong><\/p>\n<p>Die vor allem f\u00fcr S\u00fc\u00dfwaren bekannte Katjes-Gruppe \u00fcbernimmt das Ruder beim Luxusbekleidungshersteller Bogner. Man habe einen Vertrag \u00fcber den Kauf von 60 Prozent der Gesch\u00e4ftsanteile an der Bogner Gruppe unterschrieben, teilte Katjes International in Emmerich mit. Die \u00fcbrigen 40 Prozent w\u00fcrden weiterhin von der Familie Bogner gehalten. Auch Katjes selbst befindet sich in Familienbesitz.<\/p>\n<p>Laut Katjes ist die Bogner Gruppe Deutschlands gr\u00f6\u00dfte familiengef\u00fchrte Luxusbekleidungsmarke. Der Fokus liege auf Sport- und Freizeitbekleidung. Im Gesch\u00e4ftsjahr 2024\/25 habe die Bogner Gruppe einen Nettoumsatz von fast 200 Millionen Euro erzielt. Das Unternehmen sei profitabel. Bogner hat eine harte Sanierung hinter sich. Mehrere Jahre lang hatte der Restrukturierer Arndt Geiwitz bis 2022 als Treuh\u00e4nder das Sagen. <\/p>\n<p>Bogner wurde lange vom ehemaligen Skirennl\u00e4ufer und Filmemacher Willy Bogner geleitet &#8211; bis er sich 2019 zur\u00fcckgezogen hat. Der damals 77-J\u00e4hrige habe erkannt, dass er &#8222;das Unternehmen nicht mehr so tatkr\u00e4ftig und intensiv begleiten kann, wie es erforderlich ist&#8220;. Im Unternehmen sei es wie im Sport: &#8222;Erfolgreich ist, wer das bestm\u00f6gliche Team zusammenstellt&#8220;. Das hei\u00dfe aber auch &#8222;im Dienst des Teams und des gemeinsamen Ziels rechtzeitig Platz zu machen&#8220;.<\/p>\n<p>Zum Kaufpreis machte Katjes keine Angaben. Finanziert werden soll der Kauf \u00fcber Unternehmensanleihen. Mit dem Kauf f\u00fcge man eine weitere bekannte Marke zum Portfolio hinzu. &#8222;Wir haben mit unseren Erfolgen im Personal Care Bereich &#8211; mit B\u00fcbchen, Theramed und Shirin Beauty &#8211; bewiesen, dass wir Marken au\u00dferhalb unseres urspr\u00fcnglichen Gesch\u00e4fts profitabel weiterentwickeln k\u00f6nnen&#8220;, sagte der gesch\u00e4ftsf\u00fchrende Gesellschafter von Katjes International, Tobias Bachm\u00fcller, laut der Mitteilung. Mit Bogner erweitere man das Markenportfolio auf das Luxusg\u00fcter-Segment und werte es damit weiter auf. <\/p>\n<p>Der Katjes-Konzern erwirtschaftete im vergangenen Jahr einen Umsatz von 393 Millionen Euro. Der Gewinn vor Zinsen, Steuern und Abschreibungen lag bei 45 Millionen Euro. Im Durchschnitt besch\u00e4ftigte die Firma 1100 Menschen.<\/p>\n","protected":false},"excerpt":{"rendered":"Keine Angaben zum Kaufpreis Katjes kauft Mehrheit an Modemarke Bogner 01.08.2025, 20:16 Uhr Artikel anh\u00f6ren Diese Audioversion wurde&hellip;\n","protected":false},"author":2,"featured_media":311963,"comment_status":"","ping_status":"","sticky":false,"template":"","format":"standard","meta":{"footnotes":""},"categories":[134],"tags":[175,170,169,29,30,89449,171,174,18670,173,172,55],"class_list":{"0":"post-311962","1":"post","2":"type-post","3":"status-publish","4":"format-standard","5":"has-post-thumbnail","7":"category-unternehmen-maerkte","8":"tag-business","9":"tag-companies","10":"tag-companies-markets","11":"tag-deutschland","12":"tag-germany","13":"tag-luxusgueterindustrie","14":"tag-markets","15":"tag-maerkte","16":"tag-uebernahmen-und-fusionen","17":"tag-unternehmen","18":"tag-unternehmen-maerkte","19":"tag-wirtschaft"},"share_on_mastodon":{"url":"https:\/\/pubeurope.com\/@de\/114956159225975075","error":""},"_links":{"self":[{"href":"https:\/\/www.europesays.com\/de\/wp-json\/wp\/v2\/posts\/311962","targetHints":{"allow":["GET"]}}],"collection":[{"href":"https:\/\/www.europesays.com\/de\/wp-json\/wp\/v2\/posts"}],"about":[{"href":"https:\/\/www.europesays.com\/de\/wp-json\/wp\/v2\/types\/post"}],"author":[{"embeddable":true,"href":"https:\/\/www.europesays.com\/de\/wp-json\/wp\/v2\/users\/2"}],"replies":[{"embeddable":true,"href":"https:\/\/www.europesays.com\/de\/wp-json\/wp\/v2\/comments?post=311962"}],"version-history":[{"count":0,"href":"https:\/\/www.europesays.com\/de\/wp-json\/wp\/v2\/posts\/311962\/revisions"}],"wp:featuredmedia":[{"embeddable":true,"href":"https:\/\/www.europesays.com\/de\/wp-json\/wp\/v2\/media\/311963"}],"wp:attachment":[{"href":"https:\/\/www.europesays.com\/de\/wp-json\/wp\/v2\/media?parent=311962"}],"wp:term":[{"taxonomy":"category","embeddable":true,"href":"https:\/\/www.europesays.com\/de\/wp-json\/wp\/v2\/categories?post=311962"},{"taxonomy":"post_tag","embeddable":true,"href":"https:\/\/www.europesays.com\/de\/wp-json\/wp\/v2\/tags?post=311962"}],"curies":[{"name":"wp","href":"https:\/\/api.w.org\/{rel}","templated":true}]}}