{"id":311974,"date":"2025-08-01T23:48:20","date_gmt":"2025-08-01T23:48:20","guid":{"rendered":"https:\/\/www.europesays.com\/de\/311974\/"},"modified":"2025-08-01T23:48:20","modified_gmt":"2025-08-01T23:48:20","slug":"zugausfaelle-heute-in-sh-bahn-fahrplan-august-2025","status":"publish","type":"post","link":"https:\/\/www.europesays.com\/de\/311974\/","title":{"rendered":"Zugausf\u00e4lle heute in SH: Bahn-Fahrplan August 2025"},"content":{"rendered":"<p>Fahrplan-\u00c4nderungen<\/p>\n<p>Zugausf\u00e4lle heute in SH: Bahn-Fahrplan-\u00c4nderungen im August 2025<\/p>\n<p>Anh\u00f6renApp \u00f6ffnen<\/p>\n<p class=\"Textstyled__Text-sc-1cqv9mi-0 cLyiiX ArticleHeadstyled__ArticleSubHeadline-sc-tdzyy5-11 fXdZot\">Auf der Strecke zwischen Neum\u00fcnster und Hamburg kommt es aktuell im August zu Zugausf\u00e4llen in Schleswig-Holstein. Wo Pendler au\u00dferdem mit Verz\u00f6gerungen aufgrund von Sperrungen und St\u00f6rungen bei der Bahn rechnen m\u00fcssen. Eine \u00dcbersicht \u00fcber aktuelle Fahrplan\u00e4nderungen und Ersatzverkehr.<\/p>\n<p class=\"Textstyled__Text-sc-1cqv9mi-0 cLyiiX\">Kiel. Im August 2025 m\u00fcssen sich Pendler wegen Bauarbeiten auf den Bahnstrecken in Schleswig-Holstein auf einige Einschr\u00e4nkungen im regionalen Zugverkehr von SH einstellen. Welche Z\u00fcge der Deutschen Bahn, Nordbahn, AKN und Erixx fallen heute aus? Auf welchen Strecken finden aktuell Zugausf\u00e4lle in Schleswig-Holstein statt? Ein \u00dcberblick der Zugausf\u00e4lle in SH.<\/p>\n<p>Weiterlesen nach der Anzeige<\/p>\n<p>Weiterlesen nach der Anzeige<\/p>\n<p>DB: Zugausf\u00e4lle auf den Linien RE7 und RE70<\/p>\n<p class=\"Textstyled__Text-sc-1cqv9mi-0 cLyiiX\">Vor allem auf den Linien RE7 (Flensburg\/Kiel-Neum\u00fcnster-Hamburg) und RE70 kommt es im August 2025 zu St\u00f6rungen im Bahnverkehr von <a href=\"https:\/\/www.kn-online.de\/schleswig-holstein\/\" target=\"_self\" data-vars-event-category=\"intext_link\" data-vars-event-action=\"click\" data-vars-event-label=\"https:\/\/www.kn-online.de\/schleswig-holstein\/\" rel=\"nofollow noopener\">Schleswig-Holstein<\/a>. Im Detail:<\/p>\n<ul class=\"Liststyled__UnorderedList-sc-1ck6pl2-1 iyAmNN\" data-testid=\"list\">\n<li class=\"ListItemstyled__ListItem-sc-u7ur86-0 cvVRXc\"><b>Heute bis 4. August \u2013 RE7\/RE70:<\/b> Die Z\u00fcge der Linien RE7 und RE70 starten und enden abweichend in Hamburg-Altona. Die Halte Hamburg Hauptbahnhof und Hamburg Dammtor werden in der Zeit nicht angefahren.<\/li>\n<li class=\"ListItemstyled__ListItem-sc-u7ur86-0 cvVRXc\"><b>6. bis 10. August \u2013 RE7\/RE70:<\/b> Einzelne Zugfahrten der Linien RE7 und RE70 k\u00f6nnen nachts zwischen 23.30 und 3.30 Uhr auf der Strecke zwischen Hamburg Hauptbahnhof und Pinneberg entfallen.<\/li>\n<li class=\"ListItemstyled__ListItem-sc-u7ur86-0 cvVRXc\"><b>14. bis 15. August \u2013 RE7:<\/b> Vom Donnerstag, 14. August, 20.15 Uhr bis Freitag, 15. August, 23.45 Uhr entfallen einzelne Fahrten der Linie RE7 zwischen Hamburg Hauptbahnhof und Neum\u00fcnster.<\/li>\n<li class=\"ListItemstyled__ListItem-sc-u7ur86-0 cvVRXc\"><b>8. bis 9. und 11. bis 17. August \u2013 RE7:<\/b> In der Nacht vom 8., 23.15 Uhr, auf den 9., 3 Uhr, sowie vom 11., 22.30 Uhr, bis 17. August, 6.30 Uhr, fallen in den Abend- und Nachtstunden die Z\u00fcge der RE7 zwischen Neum\u00fcnster und Flensburg aus. Reisende m\u00fcssen auf den Schienenersatzverkehr ausweichen.<\/li>\n<li class=\"ListItemstyled__ListItem-sc-u7ur86-0 cvVRXc\"><b>4. bis 25. September \u2013 RE7\/RE70:<\/b> Zwischen 21 und 3 Uhr starten und enden die Z\u00fcge der Linien RE7 und RE70 in Hamburg-Altona. Die Halte Hamburg Dammtor und Hamburg Hauptbahnhof entfallen.<\/li>\n<li class=\"ListItemstyled__ListItem-sc-u7ur86-0 cvVRXc\"><b>4. bis 19. Oktober \u2013 RE80:<\/b> Die Z\u00fcge der Linie RE80 zwischen Ahrensburg und L\u00fcbeck Hauptbahnhof fallen vom 6. bis zum 19. Oktober aus. Einzelne Fahrten entfallen bereits am 4. und 5. Oktober.<\/li>\n<\/ul>\n<p>Nordbahn: Ausf\u00e4lle in der Nacht<\/p>\n<p class=\"Textstyled__Text-sc-1cqv9mi-0 cLyiiX\">Im August 2025 gibt es auf den Nordbahn-Strecken Ausf\u00e4lle. Die genauen Fahrpl\u00e4ne finden Sie auf der Seite: <a href=\"https:\/\/www.nordbahn.de\/reiseplanung\/eilmeldungen-sonderfahrplaene\/\" target=\"_self\" title=\"https:\/\/www.nordbahn.de\/reiseplanung\/eilmeldungen-sonderfahrplaene\/\" data-vars-event-category=\"intext_link\" data-vars-event-action=\"click\" data-vars-event-label=\"https:\/\/www.nordbahn.de\/reiseplanung\/eilmeldungen-sonderfahrplaene\/\" rel=\"nofollow noopener\">Nordbahn-Sonderfahrpl\u00e4ne<\/a>.<\/p>\n<p>Weiterlesen nach der Anzeige<\/p>\n<p>Weiterlesen nach der Anzeige<\/p>\n<ul class=\"Liststyled__UnorderedList-sc-1ck6pl2-1 iyAmNN\" data-testid=\"list\">\n<li class=\"ListItemstyled__ListItem-sc-u7ur86-0 cvVRXc\"><b>Heute bis 4. August \u2013 RB82:<\/b> Bis zum 4. August kommt es auf der Strecke der Linie RB82 zu Zugausf\u00e4llen und Fahrplan\u00e4nderungen. Ein Ersatzverkehr mit Bussen ist eingerichtet.<\/li>\n<li class=\"ListItemstyled__ListItem-sc-u7ur86-0 cvVRXc\"><b>8. bis 10. August \u2013 RE72\/RB73:<\/b> In den Nacht- und Morgenstunden kann es auf der gesamten Strecke zu Ausf\u00e4llen der Z\u00fcge der Linien RE72 und RB73 kommen.<\/li>\n<li class=\"ListItemstyled__ListItem-sc-u7ur86-0 cvVRXc\"><b>Heute bis 17. August \u2013 RE74\/RB75:<\/b> Auf der Strecke zwischen Kiel, Rendsburg und Husum fallen es in den N\u00e4chten sowie am Morgen teilweise Z\u00fcge der Linien RE74 und RB75 aus oder fahren mit ver\u00e4nderten Fahrplan\u00e4nderungen. <\/li>\n<li class=\"ListItemstyled__ListItem-sc-u7ur86-0 cvVRXc\"><b>14. bis 15. und 21. bis 22. August \u2013 RB82:<\/b> In den N\u00e4chten 14. auf 15. sowie 21. auf 22. August fallen die Zugfahrten zwischen Bad Segeberg und Bad Oldesloe ab 20 Uhr bis Betriebsschluss aus. <\/li>\n<li class=\"ListItemstyled__ListItem-sc-u7ur86-0 cvVRXc\"><b>22. September bis 1. Oktober \u2013 RB82:<\/b> Aufgrund von Instandhaltungsarbeiten an der Infrastruktur kommt es nachts jeweils ab 21.30 Uhr zwischen Neum\u00fcnster und Bad Oldesloe zu Fahrplan\u00e4nderungen und Zugausf\u00e4llen. Ein Ersatzverkehr ist eingerichtet. Tags\u00fcber fahren die Z\u00fcge der Linie RB82 im Stundentakt.<\/li>\n<\/ul>\n<p>Erixx Holstein: Ausf\u00e4lle zwischen Kiel und L\u00fcbeck<\/p>\n<p class=\"Textstyled__Text-sc-1cqv9mi-0 cLyiiX\">Im August kommt es auf der Strecke der Linien <b>RE83 und RB84 <\/b>zwischen Kiel und L\u00fcbeck zu Ausf\u00e4llen von einzelnen Fahrten. F\u00fcr die ausfallenden Verbindungen wurde ein Ersatzverkehr mit Bussen eingerichtet.<\/p>\n<ul class=\"Liststyled__UnorderedList-sc-1ck6pl2-1 iyAmNN\" data-testid=\"list\">\n<li class=\"ListItemstyled__ListItem-sc-u7ur86-0 cvVRXc\"><b>4. bis 5. August \u2013 RE83\/RB84:<\/b> In der Nacht auf den 5. August fallen einzelne Zugfahrten der Linie RE83 und RB84 zwischen Pl\u00f6n und Kiel Hauptbahnhof sowie zwischen Kiel Hauptbahnhof und L\u00fcbeck Hauptbahnhof aus.<\/li>\n<li class=\"ListItemstyled__ListItem-sc-u7ur86-0 cvVRXc\"><b>7. bis 8. August \u2013 RE83\/RB84:<\/b> Zwischen Pl\u00f6n und Kiel Hauptbahnhof sowie zwischen Kiel Hauptbahnhof und L\u00fcbeck Hauptbahnhof fallen in der Nacht auf den 8. August einzelne Zugfahrten der Linie RE83 und RB84 aus oder verkehren mit ver\u00e4nderten Fahrzeiten.<\/li>\n<\/ul>\n<p>AKN: Zugausf\u00e4lle im August <\/p>\n<p class=\"Textstyled__Text-sc-1cqv9mi-0 cLyiiX\">Ab Ende Juli bis Anfang August sorgen unter anderem Bauarbeiten auf der Linie A2 des AKN f\u00fcr Zugausf\u00e4lle und ge\u00e4nderte Fahrzeiten. Ein Ersatzverkehr mit Bussen wird eingerichtet.<\/p>\n<p>Weiterlesen nach der Anzeige<\/p>\n<p>Weiterlesen nach der Anzeige<\/p>\n<ul class=\"Liststyled__UnorderedList-sc-1ck6pl2-1 iyAmNN\" data-testid=\"list\">\n<li class=\"ListItemstyled__ListItem-sc-u7ur86-0 cvVRXc\"><b>Heute bis 2. August \u2013 A2:<\/b> Auf der Linie A2 zwischen Kaltenkirchen und Neum\u00fcnster fahren aufgrund von Bauarbeiten keine Z\u00fcge. Die ausfallenden Fahrten werden durch Busse ersetzt.<\/li>\n<li class=\"ListItemstyled__ListItem-sc-u7ur86-0 cvVRXc\"><b>4. August bis 6. September \u2013 A1:<\/b> Die Strecke zwischen den Haltestellen Eidelstedt und Ulzburg-S\u00fcd wird vom 4. August bis 6. September gesperrt. Der Ersatzverkehr f\u00e4hrt im gleichen Takt wie die Z\u00fcge, braucht f\u00fcr die Strecke aber circa 30 Minuten l\u00e4nger.<\/li>\n<\/ul>\n<p class=\"Editorialstyled__Editorial-sc-5u8rgl-0 cBUuy\">KN<\/p>\n","protected":false},"excerpt":{"rendered":"Fahrplan-\u00c4nderungen Zugausf\u00e4lle heute in SH: Bahn-Fahrplan-\u00c4nderungen im August 2025 Anh\u00f6renApp \u00f6ffnen Auf der Strecke zwischen Neum\u00fcnster und Hamburg&hellip;\n","protected":false},"author":2,"featured_media":2081,"comment_status":"","ping_status":"","sticky":false,"template":"","format":"standard","meta":{"footnotes":""},"categories":[1852],"tags":[3364,29,548,663,3934,30,13,4949,14,15,12,1971],"class_list":{"0":"post-311974","1":"post","2":"type-post","3":"status-publish","4":"format-standard","5":"has-post-thumbnail","7":"category-kiel","8":"tag-de","9":"tag-deutschland","10":"tag-eu","11":"tag-europa","12":"tag-europe","13":"tag-germany","14":"tag-headlines","15":"tag-kiel","16":"tag-nachrichten","17":"tag-news","18":"tag-schlagzeilen","19":"tag-schleswig-holstein"},"share_on_mastodon":{"url":"https:\/\/pubeurope.com\/@de\/114956186786052951","error":""},"_links":{"self":[{"href":"https:\/\/www.europesays.com\/de\/wp-json\/wp\/v2\/posts\/311974","targetHints":{"allow":["GET"]}}],"collection":[{"href":"https:\/\/www.europesays.com\/de\/wp-json\/wp\/v2\/posts"}],"about":[{"href":"https:\/\/www.europesays.com\/de\/wp-json\/wp\/v2\/types\/post"}],"author":[{"embeddable":true,"href":"https:\/\/www.europesays.com\/de\/wp-json\/wp\/v2\/users\/2"}],"replies":[{"embeddable":true,"href":"https:\/\/www.europesays.com\/de\/wp-json\/wp\/v2\/comments?post=311974"}],"version-history":[{"count":0,"href":"https:\/\/www.europesays.com\/de\/wp-json\/wp\/v2\/posts\/311974\/revisions"}],"wp:featuredmedia":[{"embeddable":true,"href":"https:\/\/www.europesays.com\/de\/wp-json\/wp\/v2\/media\/2081"}],"wp:attachment":[{"href":"https:\/\/www.europesays.com\/de\/wp-json\/wp\/v2\/media?parent=311974"}],"wp:term":[{"taxonomy":"category","embeddable":true,"href":"https:\/\/www.europesays.com\/de\/wp-json\/wp\/v2\/categories?post=311974"},{"taxonomy":"post_tag","embeddable":true,"href":"https:\/\/www.europesays.com\/de\/wp-json\/wp\/v2\/tags?post=311974"}],"curies":[{"name":"wp","href":"https:\/\/api.w.org\/{rel}","templated":true}]}}